{"id":24341,"date":"2025-03-06T16:07:03","date_gmt":"2025-03-06T13:07:03","guid":{"rendered":"https:\/\/www.egemtv.com\/?p=24341"},"modified":"2025-03-06T16:07:08","modified_gmt":"2025-03-06T13:07:08","slug":"aliaga-belediyesi-gemi-sokum-parsellerini-satin-aldigini-duyurdu","status":"publish","type":"post","link":"https:\/\/www.egemtv.com\/?p=24341","title":{"rendered":"Alia\u011fa Belediyesi, gemi s\u00f6k\u00fcm parsellerini sat\u0131n ald\u0131\u011f\u0131n\u0131 duyurdu"},"content":{"rendered":"<p>Alia\u011fa Belediyesi, gemi s\u00f6k\u00fcm tesisinin bulundu\u011fu parsellerin belediye i\u015ftiraki Alia\u011fa Belediyesi Petrol A.\u015e (APA\u015e) taraf\u0131ndan sat\u0131n al\u0131nd\u0131\u011f\u0131n\u0131 duyurdu. Yap\u0131lan a\u00e7\u0131klamada, sekt\u00f6r\u00fcn m\u00fclkiyet sorununun \u00e7\u00f6z\u00fcm\u00fcyle birlikte, olas\u0131 \u00e7evresel olumsuzluklar\u0131n en aza indirilmesi, i\u015f\u00e7i sa\u011fl\u0131\u011f\u0131 ve i\u015f g\u00fcvenli\u011finin geli\u015ftirilmesi ve sekt\u00f6r\u00fcn \u00e7al\u0131\u015fma standartlar\u0131n\u0131n y\u00fckseltilmesi i\u00e7in tarihi bir f\u0131rsat olu\u015ftu\u011fu vurguland\u0131.<br \/>\n<br \/>T\u00fcrkiye\u2019nin tek gemi geri d\u00f6n\u00fc\u015f\u00fcm end\u00fcstrisi, 1976 y\u0131l\u0131ndan bu yana Alia\u011fa\u2019da faaliyet g\u00f6steriyor. Sekt\u00f6r, son 10 y\u0131lda 1004 gemi s\u00f6k\u00fcm\u00fc ger\u00e7ekle\u015ftirdi. 28 parselde 22 \u015firketin faaliyet g\u00f6sterdi\u011fi gemi geri d\u00f6n\u00fc\u015f\u00fcm sekt\u00f6r\u00fc, istihdam sa\u011flayarak ve ekonomik \u00f6mr\u00fcn\u00fc tamamlayan gemilerin s\u00f6k\u00fcm\u00fcn\u00fc ve geri d\u00f6n\u00fc\u015f\u00fcm\u00fcn\u00fc yaparak milli ekonomiye katk\u0131 sa\u011fl\u0131yor.<br \/>\n<br \/>Gemi s\u00f6k\u00fcm tesislerinin bulundu\u011fu parsellerin sat\u0131\u015f\u0131yla ilgili Alia\u011fa Belediyesinden yap\u0131lan a\u00e7\u0131klamada, s\u00f6z konusu parsellerin, 28 \u015eubat 2025 tarihi itibar\u0131yla Alia\u011fa Belediyesinin y\u00fczde 100 i\u015ftiraki olan Alia\u011fa Belediyesi Petrol A.\u015e (APA\u015e) taraf\u0131ndan Emlak Konut GYO A.\u015e kurulu\u015fu olan Emlak Planlama \u0130n\u015f. Proje Y\u00f6n. Ve Tic. A.\u015e\u2019den (EPP) bedeli mukabilinde sat\u0131n al\u0131nd\u0131\u011f\u0131 belirtildi.<\/p>\n<p>Sekt\u00f6r\u00fcn gelece\u011fi i\u00e7in tarihi f\u0131rsat<br \/>\n<br \/>Sekt\u00f6r\u00fcn m\u00fclkiyet sorununun \u00e7\u00f6z\u00fclmesiyle birlikte, Alia\u011fa\u2019da gemi geri d\u00f6n\u00fc\u015f\u00fcm sekt\u00f6r\u00fcn\u00fcn \u00e7evre koruma yat\u0131r\u0131mlar\u0131n\u0131n h\u0131zlanmas\u0131, olas\u0131 \u00e7evresel olumsuzluklar\u0131n en aza indirilmesi, i\u015f\u00e7i sa\u011fl\u0131\u011f\u0131 ve i\u015f g\u00fcvenli\u011finin geli\u015ftirilmesi ve sekt\u00f6r\u00fcn \u00e7al\u0131\u015fma standartlar\u0131n\u0131n y\u00fckseltilmesi i\u00e7in tarihi bir f\u0131rsat olu\u015ftu\u011funa dikkat \u00e7ekildi. A\u00e7\u0131klamada, &#8220;\u00c7evre koruma, insan sa\u011fl\u0131\u011f\u0131 ve i\u015f g\u00fcvenli\u011fi ba\u015fta olmak \u00fczere t\u00fcm sorun ve ihtiya\u00e7lar\u0131n sekt\u00f6r kurulu\u015flar\u0131, belediyemiz ve belediye i\u015ftirakimiz ile birlikte ortak ak\u0131l ve i\u015f birli\u011fiyle \u00e7\u00f6z\u00fclmesinin ko\u015fullar\u0131 olu\u015fmu\u015ftur.&#8221; denildi.<br \/>\n<br \/>Sat\u0131n alman\u0131n ger\u00e7ekle\u015fmesinin ard\u0131ndan, Alia\u011fa Belediyesi ve belediye i\u015ftiraki APA\u015e taraf\u0131ndan sekt\u00f6r bile\u015fenleriyle i\u015f birli\u011fi ve g\u00f6r\u00fc\u015fmelerin ba\u015flad\u0131\u011f\u0131 ifade edildi. Gemi geri d\u00f6n\u00fc\u015f\u00fcm \u015firketlerinin sahipleri ve y\u00f6neticileriyle verimli toplant\u0131lar ger\u00e7ekle\u015ftirildi\u011fi belirtildi.<br \/>\n<br \/>B\u00f6lgedeki denizcilik, yolcu iskelesi, yat ve marina yat\u0131r\u0131mlar\u0131n\u0131n artmas\u0131 da dikkate al\u0131narak, Alia\u011fa\u2019da \u00e7evreyi koruyacak, gemi geri d\u00f6n\u00fc\u015f\u00fcm sekt\u00f6r\u00fcn\u00fc geli\u015ftirecek ve in\u015fa, bak\u0131m, onar\u0131m gibi yeni faaliyet alanlar\u0131 olu\u015fturacak kararlar\u0131n al\u0131naca\u011f\u0131 kaydedildi. A\u00e7\u0131klaman\u0131n sonunda, &#8220;Alia\u011fa\u2019m\u0131za ve \u00fclkemize hay\u0131rl\u0131 olmas\u0131n\u0131 diliyoruz.&#8221; ifadelerine yer verildi.<br \/><\/p>\n","protected":false},"excerpt":{"rendered":"<p>Alia\u011fa Belediyesi, gemi s\u00f6k\u00fcm tesisinin bulundu\u011fu parsellerin belediye i\u015ftiraki Alia\u011fa Belediyesi Petrol A.\u015e (APA\u015e) taraf\u0131ndan sat\u0131n al\u0131nd\u0131\u011f\u0131n\u0131 duyurdu. Yap\u0131lan a\u00e7\u0131klamada, sekt\u00f6r\u00fcn m\u00fclkiyet sorununun \u00e7\u00f6z\u00fcm\u00fcyle birlikte, olas\u0131 \u00e7evresel olumsuzluklar\u0131n en aza indirilmesi, i\u015f\u00e7i sa\u011fl\u0131\u011f\u0131 ve i\u015f g\u00fcvenli\u011finin geli\u015ftirilmesi ve sekt\u00f6r\u00fcn \u00e7al\u0131\u015fma standartlar\u0131n\u0131n y\u00fckseltilmesi i\u00e7in tarihi bir f\u0131rsat olu\u015ftu\u011fu vurguland\u0131. T\u00fcrkiye\u2019nin tek gemi geri d\u00f6n\u00fc\u015f\u00fcm end\u00fcstrisi, 1976&#8230;<\/p>\n","protected":false},"author":1,"featured_media":24342,"comment_status":"open","ping_status":"open","sticky":false,"template":"","format":"standard","meta":{"_crdt_document":"","footnotes":""},"categories":[125],"tags":[],"class_list":["post-24341","post","type-post","status-publish","format-standard","has-post-thumbnail","hentry","category-ekonomi"],"_links":{"self":[{"href":"https:\/\/www.egemtv.com\/index.php?rest_route=\/wp\/v2\/posts\/24341","targetHints":{"allow":["GET"]}}],"collection":[{"href":"https:\/\/www.egemtv.com\/index.php?rest_route=\/wp\/v2\/posts"}],"about":[{"href":"https:\/\/www.egemtv.com\/index.php?rest_route=\/wp\/v2\/types\/post"}],"author":[{"embeddable":true,"href":"https:\/\/www.egemtv.com\/index.php?rest_route=\/wp\/v2\/users\/1"}],"replies":[{"embeddable":true,"href":"https:\/\/www.egemtv.com\/index.php?rest_route=%2Fwp%2Fv2%2Fcomments&post=24341"}],"version-history":[{"count":1,"href":"https:\/\/www.egemtv.com\/index.php?rest_route=\/wp\/v2\/posts\/24341\/revisions"}],"predecessor-version":[{"id":24343,"href":"https:\/\/www.egemtv.com\/index.php?rest_route=\/wp\/v2\/posts\/24341\/revisions\/24343"}],"wp:featuredmedia":[{"embeddable":true,"href":"https:\/\/www.egemtv.com\/index.php?rest_route=\/wp\/v2\/media\/24342"}],"wp:attachment":[{"href":"https:\/\/www.egemtv.com\/index.php?rest_route=%2Fwp%2Fv2%2Fmedia&parent=24341"}],"wp:term":[{"taxonomy":"category","embeddable":true,"href":"https:\/\/www.egemtv.com\/index.php?rest_route=%2Fwp%2Fv2%2Fcategories&post=24341"},{"taxonomy":"post_tag","embeddable":true,"href":"https:\/\/www.egemtv.com\/index.php?rest_route=%2Fwp%2Fv2%2Ftags&post=24341"}],"curies":[{"name":"wp","href":"https:\/\/api.w.org\/{rel}","templated":true}]}}