{"id":24338,"date":"2025-03-06T15:28:58","date_gmt":"2025-03-06T12:28:58","guid":{"rendered":"https:\/\/www.egemtv.com\/?p=24338"},"modified":"2025-03-06T15:29:02","modified_gmt":"2025-03-06T12:29:02","slug":"metruk-binadan-yukselen-alevler-korkuttu","status":"publish","type":"post","link":"https:\/\/www.egemtv.com\/?p=24338","title":{"rendered":"Metruk binadan y\u00fckselen alevler korkuttu"},"content":{"rendered":"<p>Ayd\u0131n\u2019\u0131n Efeler il\u00e7esinde 2 katl\u0131 metruk binada \u00e7\u0131kan yang\u0131n mahalle sakinlerini korkuturken, alevler itfaiye ekiplerinin h\u0131zl\u0131 m\u00fcdahalesi ile k\u0131sa s\u00fcrede kontrol alt\u0131na al\u0131nd\u0131.<\/p>\n<p>Yang\u0131n, Me\u015frutiyet Mahallesi F\u0131rat Caddesi \u00fczerindeki 2 katl\u0131 bir metruk binada saat 14.00 s\u0131ralar\u0131nda meydana geldi. Edinilen bilgiye g\u00f6re, metruk binadan y\u00fckselen alevleri g\u00f6ren vatanda\u015flar durumu 112 Acil \u00c7a\u011fr\u0131 Merkezi\u2019ne bildirdi. \u0130hbar \u00fczerine b\u00f6lgeye itfaiye ve polis ekipleri sevk edildi. K\u0131sa s\u00fcrede olay yerine gelen Ayd\u0131n B\u00fcy\u00fck\u015fehir Belediyesi \u0130tfaiye Daire Ba\u015fkanl\u0131\u011f\u0131 ekipleri alevlere m\u00fcdahale etti. Ekiplerin \u00e7al\u0131\u015fmalar\u0131 sonucu alevler kontrol alt\u0131na al\u0131nd\u0131. Yang\u0131n\u0131n \u00e7\u0131k\u0131\u015f nedeninin belirlenebilmesi i\u00e7in \u00e7al\u0131\u015fma ba\u015flat\u0131ld\u0131.<br \/><\/p>\n","protected":false},"excerpt":{"rendered":"<p>Ayd\u0131n\u2019\u0131n Efeler il\u00e7esinde 2 katl\u0131 metruk binada \u00e7\u0131kan yang\u0131n mahalle sakinlerini korkuturken, alevler itfaiye ekiplerinin h\u0131zl\u0131 m\u00fcdahalesi ile k\u0131sa s\u00fcrede kontrol alt\u0131na al\u0131nd\u0131. Yang\u0131n, Me\u015frutiyet Mahallesi F\u0131rat Caddesi \u00fczerindeki 2 katl\u0131 bir metruk binada saat 14.00 s\u0131ralar\u0131nda meydana geldi. Edinilen bilgiye g\u00f6re, metruk binadan y\u00fckselen alevleri g\u00f6ren vatanda\u015flar durumu 112 Acil \u00c7a\u011fr\u0131 Merkezi\u2019ne bildirdi. \u0130hbar&#8230;<\/p>\n","protected":false},"author":1,"featured_media":24339,"comment_status":"open","ping_status":"open","sticky":false,"template":"","format":"standard","meta":{"_crdt_document":"","footnotes":""},"categories":[5],"tags":[],"class_list":["post-24338","post","type-post","status-publish","format-standard","has-post-thumbnail","hentry","category-asayis"],"_links":{"self":[{"href":"https:\/\/www.egemtv.com\/index.php?rest_route=\/wp\/v2\/posts\/24338","targetHints":{"allow":["GET"]}}],"collection":[{"href":"https:\/\/www.egemtv.com\/index.php?rest_route=\/wp\/v2\/posts"}],"about":[{"href":"https:\/\/www.egemtv.com\/index.php?rest_route=\/wp\/v2\/types\/post"}],"author":[{"embeddable":true,"href":"https:\/\/www.egemtv.com\/index.php?rest_route=\/wp\/v2\/users\/1"}],"replies":[{"embeddable":true,"href":"https:\/\/www.egemtv.com\/index.php?rest_route=%2Fwp%2Fv2%2Fcomments&post=24338"}],"version-history":[{"count":1,"href":"https:\/\/www.egemtv.com\/index.php?rest_route=\/wp\/v2\/posts\/24338\/revisions"}],"predecessor-version":[{"id":24340,"href":"https:\/\/www.egemtv.com\/index.php?rest_route=\/wp\/v2\/posts\/24338\/revisions\/24340"}],"wp:featuredmedia":[{"embeddable":true,"href":"https:\/\/www.egemtv.com\/index.php?rest_route=\/wp\/v2\/media\/24339"}],"wp:attachment":[{"href":"https:\/\/www.egemtv.com\/index.php?rest_route=%2Fwp%2Fv2%2Fmedia&parent=24338"}],"wp:term":[{"taxonomy":"category","embeddable":true,"href":"https:\/\/www.egemtv.com\/index.php?rest_route=%2Fwp%2Fv2%2Fcategories&post=24338"},{"taxonomy":"post_tag","embeddable":true,"href":"https:\/\/www.egemtv.com\/index.php?rest_route=%2Fwp%2Fv2%2Ftags&post=24338"}],"curies":[{"name":"wp","href":"https:\/\/api.w.org\/{rel}","templated":true}]}}