{"id":24335,"date":"2025-03-06T15:28:54","date_gmt":"2025-03-06T12:28:54","guid":{"rendered":"https:\/\/www.egemtv.com\/?p=24335"},"modified":"2025-03-06T15:28:58","modified_gmt":"2025-03-06T12:28:58","slug":"turbeldak-tarihin-ve-dogal-guzelliklerin-bulustugu-sarttaydi","status":"publish","type":"post","link":"https:\/\/www.egemtv.com\/?p=24335","title":{"rendered":"TURBELDAK, tarihin ve do\u011fal g\u00fczelliklerin bulu\u015ftu\u011fu Sart\u2019tayd\u0131"},"content":{"rendered":"<p>Turgutlu Belediyesi Da\u011fc\u0131l\u0131k Akademisi (TURBELDAK) Lidya Krall\u0131\u011f\u0131n\u0131n merkezi Sart\u2019ta y\u00fcr\u00fcy\u00fc\u015f etkinli\u011fini ger\u00e7ekle\u015ftirdi.<br \/>\n<br \/>Turgutlu Belediyesi K\u00fclt\u00fcr ve Sosyal \u0130\u015fler M\u00fcd\u00fcrl\u00fc\u011f\u00fcne ba\u011fl\u0131 TURBELDAK hafta sonunda Salihli\u2019nin en \u00f6nemli turizm b\u00f6lgelerinden biri olan Sart\u2019a y\u00fcr\u00fcy\u00fc\u015f d\u00fczenledi. Tarihin ve do\u011fal g\u00fczelliklerinin bulu\u015ftu\u011fu b\u00f6lgede yap\u0131lan y\u00fcr\u00fcy\u00fc\u015f sabah\u0131n erken saatlerinde ba\u015flad\u0131. Yaz-K\u0131\u015f Y\u00fcr\u00fcy\u00fc\u015f Liderleri Orhan Mert ile Haydar Atilla\u2019n\u0131n sevk ve idaresinde Sart Kalesi\u2019ne ula\u015fan kat\u0131l\u0131mc\u0131lar, Artemis Tap\u0131na\u011f\u0131, Sart Harabeleri ve Gediz Ovas\u0131\u2019n\u0131n muhte\u015fem manzaras\u0131 e\u015fli\u011finde bol bol foto\u011fraf \u00e7ekti. Yakla\u015f\u0131k 10 kilometre s\u00fcren y\u00fcr\u00fcy\u00fc\u015f, Boz Da\u011flar y\u00f6n\u00fcnden yap\u0131lan ini\u015fle sona erdi.<br \/>\n<br \/>Yaz-K\u0131\u015f Y\u00fcr\u00fcy\u00fc\u015f Lideri Orhan Mert, &#8220;TURBELDAK olarak keyifli bir y\u00fcr\u00fcy\u00fc\u015f etkinli\u011fimizi daha tamamlad\u0131k. Tarihin ve do\u011fan\u0131n sundu\u011fu g\u00fczelliklerin keyfini doyas\u0131ya \u00e7\u0131karan kat\u0131l\u0131mc\u0131lar\u0131m\u0131z g\u00fcnl\u00fck ya\u015fam\u0131n stresinden birka\u00e7 saat de olsa uzakla\u015fma imkan\u0131 buldular. Y\u00fcr\u00fcy\u00fc\u015f\u00fcm\u00fcze kat\u0131l\u0131m sa\u011flayan t\u00fcm arkada\u015flar\u0131m\u0131za te\u015fekk\u00fcr ederim&#8221; \u015feklinde konu\u015ftu.<br \/><\/p>\n","protected":false},"excerpt":{"rendered":"<p>Turgutlu Belediyesi Da\u011fc\u0131l\u0131k Akademisi (TURBELDAK) Lidya Krall\u0131\u011f\u0131n\u0131n merkezi Sart\u2019ta y\u00fcr\u00fcy\u00fc\u015f etkinli\u011fini ger\u00e7ekle\u015ftirdi. Turgutlu Belediyesi K\u00fclt\u00fcr ve Sosyal \u0130\u015fler M\u00fcd\u00fcrl\u00fc\u011f\u00fcne ba\u011fl\u0131 TURBELDAK hafta sonunda Salihli\u2019nin en \u00f6nemli turizm b\u00f6lgelerinden biri olan Sart\u2019a y\u00fcr\u00fcy\u00fc\u015f d\u00fczenledi. Tarihin ve do\u011fal g\u00fczelliklerinin bulu\u015ftu\u011fu b\u00f6lgede yap\u0131lan y\u00fcr\u00fcy\u00fc\u015f sabah\u0131n erken saatlerinde ba\u015flad\u0131. Yaz-K\u0131\u015f Y\u00fcr\u00fcy\u00fc\u015f Liderleri Orhan Mert ile Haydar Atilla\u2019n\u0131n sevk ve&#8230;<\/p>\n","protected":false},"author":1,"featured_media":24336,"comment_status":"open","ping_status":"open","sticky":false,"template":"","format":"standard","meta":{"_crdt_document":"","footnotes":""},"categories":[1],"tags":[],"class_list":["post-24335","post","type-post","status-publish","format-standard","has-post-thumbnail","hentry","category-guncel"],"_links":{"self":[{"href":"https:\/\/www.egemtv.com\/index.php?rest_route=\/wp\/v2\/posts\/24335","targetHints":{"allow":["GET"]}}],"collection":[{"href":"https:\/\/www.egemtv.com\/index.php?rest_route=\/wp\/v2\/posts"}],"about":[{"href":"https:\/\/www.egemtv.com\/index.php?rest_route=\/wp\/v2\/types\/post"}],"author":[{"embeddable":true,"href":"https:\/\/www.egemtv.com\/index.php?rest_route=\/wp\/v2\/users\/1"}],"replies":[{"embeddable":true,"href":"https:\/\/www.egemtv.com\/index.php?rest_route=%2Fwp%2Fv2%2Fcomments&post=24335"}],"version-history":[{"count":1,"href":"https:\/\/www.egemtv.com\/index.php?rest_route=\/wp\/v2\/posts\/24335\/revisions"}],"predecessor-version":[{"id":24337,"href":"https:\/\/www.egemtv.com\/index.php?rest_route=\/wp\/v2\/posts\/24335\/revisions\/24337"}],"wp:featuredmedia":[{"embeddable":true,"href":"https:\/\/www.egemtv.com\/index.php?rest_route=\/wp\/v2\/media\/24336"}],"wp:attachment":[{"href":"https:\/\/www.egemtv.com\/index.php?rest_route=%2Fwp%2Fv2%2Fmedia&parent=24335"}],"wp:term":[{"taxonomy":"category","embeddable":true,"href":"https:\/\/www.egemtv.com\/index.php?rest_route=%2Fwp%2Fv2%2Fcategories&post=24335"},{"taxonomy":"post_tag","embeddable":true,"href":"https:\/\/www.egemtv.com\/index.php?rest_route=%2Fwp%2Fv2%2Ftags&post=24335"}],"curies":[{"name":"wp","href":"https:\/\/api.w.org\/{rel}","templated":true}]}}