{"id":24332,"date":"2025-03-06T15:28:50","date_gmt":"2025-03-06T12:28:50","guid":{"rendered":"https:\/\/www.egemtv.com\/?p=24332"},"modified":"2025-03-06T15:28:54","modified_gmt":"2025-03-06T12:28:54","slug":"incirliova-belediyesi-yaz-gelmeden-onlemini-aliyor","status":"publish","type":"post","link":"https:\/\/www.egemtv.com\/?p=24332","title":{"rendered":"\u0130ncirliova Belediyesi, yaz gelmeden \u00f6nlemini al\u0131yor"},"content":{"rendered":"<p>\u0130ncirliova Belediyesi, yaz aylar\u0131nda vatanda\u015flar\u0131n rahat bir ya\u015fam s\u00fcrmesi i\u00e7in sivrisinek ve zararl\u0131 ha\u015ferelerle m\u00fccadele \u00e7al\u0131\u015fmalar\u0131na h\u0131z kesmeden devam ediyor. Erken d\u00f6nem ila\u00e7lamalar\u0131 ile sivrisinek ve ha\u015ferelerin \u00fcremelerinin \u00f6n\u00fcne ge\u00e7iliyor.<\/p>\n<p>Periyodik olarak s\u00fcrd\u00fcr\u00fclen ila\u00e7lama \u00e7al\u0131\u015fmalar\u0131nda il\u00e7edeki r\u00f6garlarda, ya\u011fmur suyu kanallar\u0131nda, su birikintilerinde ve sineklerin larva yapabilecekleri yerlerde ila\u00e7lamalar ger\u00e7ekle\u015ftiriliyor. \u00c7evre dostu ve insan sa\u011fl\u0131\u011f\u0131na zarar vermeyen bakteri k\u00f6kenli biyolojik larvasit ila\u00e7lar kullan\u0131larak yap\u0131lan ila\u00e7lamalar ile belediye ekipleri do\u011faya zarar vermeden ha\u015fere pop\u00fclasyonunu kontrol alt\u0131na almay\u0131 hedefliyor. Belediye ekipleri yaz boyunca da ila\u00e7lama \u00e7al\u0131\u015fmalar\u0131n\u0131 periyodik olarak s\u00fcrd\u00fcrecek.<\/p>\n<p>Yap\u0131lan ila\u00e7lama \u00e7al\u0131\u015fmalar\u0131na ili\u015fkin a\u00e7\u0131klama yapan \u0130ncirliova Belediye Ba\u015fkan\u0131 Aytekin Kaya, &#8220;Vatanda\u015flar\u0131m\u0131z\u0131n sa\u011fl\u0131kl\u0131 ve huzurlu bir yaz d\u00f6nemi ge\u00e7irmelerini sa\u011flamak amac\u0131yla ekiplerimiz sahada ila\u00e7lama \u00e7al\u0131\u015fmalar\u0131na periyodik olarak devam ediyorlar. Kulland\u0131\u011f\u0131m\u0131z \u00e7evre dostu y\u00f6ntemlerle halk\u0131m\u0131z\u0131n sa\u011fl\u0131n\u0131 koruyor bunu yaparken de do\u011faya zarar gelmemesini sa\u011fl\u0131yoruz. Bakteri k\u00f6kenli biyolojik larvasit ila\u00e7lar ile titizlikle y\u00fcr\u00fctt\u00fc\u011f\u00fcm\u00fcz \u00e7al\u0131\u015fmalar\u0131m\u0131z\u0131 yaz boyunca da s\u00fcrd\u00fcrerek halk\u0131m\u0131z\u0131n sa\u011fl\u0131\u011f\u0131n\u0131 korumaya devam edece\u011fiz&#8221; ifadelerine yer verdi.<br \/><\/p>\n","protected":false},"excerpt":{"rendered":"<p>\u0130ncirliova Belediyesi, yaz aylar\u0131nda vatanda\u015flar\u0131n rahat bir ya\u015fam s\u00fcrmesi i\u00e7in sivrisinek ve zararl\u0131 ha\u015ferelerle m\u00fccadele \u00e7al\u0131\u015fmalar\u0131na h\u0131z kesmeden devam ediyor. Erken d\u00f6nem ila\u00e7lamalar\u0131 ile sivrisinek ve ha\u015ferelerin \u00fcremelerinin \u00f6n\u00fcne ge\u00e7iliyor. Periyodik olarak s\u00fcrd\u00fcr\u00fclen ila\u00e7lama \u00e7al\u0131\u015fmalar\u0131nda il\u00e7edeki r\u00f6garlarda, ya\u011fmur suyu kanallar\u0131nda, su birikintilerinde ve sineklerin larva yapabilecekleri yerlerde ila\u00e7lamalar ger\u00e7ekle\u015ftiriliyor. \u00c7evre dostu ve insan sa\u011fl\u0131\u011f\u0131na zarar&#8230;<\/p>\n","protected":false},"author":1,"featured_media":24333,"comment_status":"open","ping_status":"open","sticky":false,"template":"","format":"standard","meta":{"_crdt_document":"","footnotes":""},"categories":[1],"tags":[],"class_list":["post-24332","post","type-post","status-publish","format-standard","has-post-thumbnail","hentry","category-guncel"],"_links":{"self":[{"href":"https:\/\/www.egemtv.com\/index.php?rest_route=\/wp\/v2\/posts\/24332","targetHints":{"allow":["GET"]}}],"collection":[{"href":"https:\/\/www.egemtv.com\/index.php?rest_route=\/wp\/v2\/posts"}],"about":[{"href":"https:\/\/www.egemtv.com\/index.php?rest_route=\/wp\/v2\/types\/post"}],"author":[{"embeddable":true,"href":"https:\/\/www.egemtv.com\/index.php?rest_route=\/wp\/v2\/users\/1"}],"replies":[{"embeddable":true,"href":"https:\/\/www.egemtv.com\/index.php?rest_route=%2Fwp%2Fv2%2Fcomments&post=24332"}],"version-history":[{"count":1,"href":"https:\/\/www.egemtv.com\/index.php?rest_route=\/wp\/v2\/posts\/24332\/revisions"}],"predecessor-version":[{"id":24334,"href":"https:\/\/www.egemtv.com\/index.php?rest_route=\/wp\/v2\/posts\/24332\/revisions\/24334"}],"wp:featuredmedia":[{"embeddable":true,"href":"https:\/\/www.egemtv.com\/index.php?rest_route=\/wp\/v2\/media\/24333"}],"wp:attachment":[{"href":"https:\/\/www.egemtv.com\/index.php?rest_route=%2Fwp%2Fv2%2Fmedia&parent=24332"}],"wp:term":[{"taxonomy":"category","embeddable":true,"href":"https:\/\/www.egemtv.com\/index.php?rest_route=%2Fwp%2Fv2%2Fcategories&post=24332"},{"taxonomy":"post_tag","embeddable":true,"href":"https:\/\/www.egemtv.com\/index.php?rest_route=%2Fwp%2Fv2%2Ftags&post=24332"}],"curies":[{"name":"wp","href":"https:\/\/api.w.org\/{rel}","templated":true}]}}