{"id":24329,"date":"2025-03-06T15:28:45","date_gmt":"2025-03-06T12:28:45","guid":{"rendered":"https:\/\/www.egemtv.com\/?p=24329"},"modified":"2025-03-06T15:28:50","modified_gmt":"2025-03-06T12:28:50","slug":"msku-okculuk-takimi-turkiye-sampiyonu","status":"publish","type":"post","link":"https:\/\/www.egemtv.com\/?p=24329","title":{"rendered":"MSK\u00dc Ok\u00e7uluk Tak\u0131m\u0131 T\u00fcrkiye \u015fampiyonu"},"content":{"rendered":"<p>Mu\u011fla S\u0131tk\u0131 Ko\u00e7man \u00dcniversitesi (MSK\u00dc) Ok\u00e7uluk Tak\u0131m\u0131, \u00dcN\u0130L\u0130G Ok\u00e7uluk T\u00fcrkiye \u015eampiyonas\u0131\u2019nda b\u00fcy\u00fck bir ba\u015far\u0131ya imza att\u0131. 4-5 Mart 2025 tarihlerinde Samsun \u0130lkad\u0131m Ok\u00e7uluk Spor Salonu\u2019nda d\u00fczenlenen ve 21 \u00fcniversiteden 185 sporcunun kat\u0131ld\u0131\u011f\u0131 \u015fampiyonada MSK\u00dc sporcular\u0131 hem tak\u0131m hem de bireysel kategorilerde \u00fcst\u00fcn performans sergiledi.<br \/>\n<br \/>Makaral\u0131 Yay Kad\u0131nlar Kategorisi\u2019nde m\u00fccadele eden Song\u00fcl L\u00f6k, Hazal Burun ve Ceyda K\u00f6m\u00fcr\u2019den olu\u015fan MSK\u00dc Kad\u0131n Ok\u00e7uluk Tak\u0131m\u0131, rakiplerini geride b\u0131rakarak T\u00fcrkiye \u015eampiyonu oldu.<br \/>\n<br \/>Bireysel kategoride de b\u00fcy\u00fck ba\u015far\u0131<br \/>\n<br \/>Bireysel kategoride de b\u00fcy\u00fck ba\u015far\u0131 elde eden MSK\u00dc sporcular\u0131, 35 sporcu aras\u0131ndan finale y\u00fckselmeyi ba\u015fard\u0131. Song\u00fcl L\u00f6k ve Hazal Burun\u2019un m\u00fccadele etti\u011fi final at\u0131\u015flar\u0131nda Song\u00fcl L\u00f6k T\u00fcrkiye \u015eampiyonu, Hazal Burun ise T\u00fcrkiye ikincisi olarak k\u00fcrs\u00fcde yer ald\u0131.<br \/>\n<br \/>Bu \u00f6nemli ba\u015far\u0131yla MSK\u00dc\u2019y\u00fc gururland\u0131ran tak\u0131m, ok\u00e7uluk bran\u015f\u0131nda iddial\u0131 konumunu bir kez daha kan\u0131tlad\u0131.<br \/><\/p>\n","protected":false},"excerpt":{"rendered":"<p>Mu\u011fla S\u0131tk\u0131 Ko\u00e7man \u00dcniversitesi (MSK\u00dc) Ok\u00e7uluk Tak\u0131m\u0131, \u00dcN\u0130L\u0130G Ok\u00e7uluk T\u00fcrkiye \u015eampiyonas\u0131\u2019nda b\u00fcy\u00fck bir ba\u015far\u0131ya imza att\u0131. 4-5 Mart 2025 tarihlerinde Samsun \u0130lkad\u0131m Ok\u00e7uluk Spor Salonu\u2019nda d\u00fczenlenen ve 21 \u00fcniversiteden 185 sporcunun kat\u0131ld\u0131\u011f\u0131 \u015fampiyonada MSK\u00dc sporcular\u0131 hem tak\u0131m hem de bireysel kategorilerde \u00fcst\u00fcn performans sergiledi. Makaral\u0131 Yay Kad\u0131nlar Kategorisi\u2019nde m\u00fccadele eden Song\u00fcl L\u00f6k, Hazal Burun ve&#8230;<\/p>\n","protected":false},"author":1,"featured_media":24330,"comment_status":"open","ping_status":"open","sticky":false,"template":"","format":"standard","meta":{"_crdt_document":"","footnotes":""},"categories":[4],"tags":[],"class_list":["post-24329","post","type-post","status-publish","format-standard","has-post-thumbnail","hentry","category-spor"],"_links":{"self":[{"href":"https:\/\/www.egemtv.com\/index.php?rest_route=\/wp\/v2\/posts\/24329","targetHints":{"allow":["GET"]}}],"collection":[{"href":"https:\/\/www.egemtv.com\/index.php?rest_route=\/wp\/v2\/posts"}],"about":[{"href":"https:\/\/www.egemtv.com\/index.php?rest_route=\/wp\/v2\/types\/post"}],"author":[{"embeddable":true,"href":"https:\/\/www.egemtv.com\/index.php?rest_route=\/wp\/v2\/users\/1"}],"replies":[{"embeddable":true,"href":"https:\/\/www.egemtv.com\/index.php?rest_route=%2Fwp%2Fv2%2Fcomments&post=24329"}],"version-history":[{"count":1,"href":"https:\/\/www.egemtv.com\/index.php?rest_route=\/wp\/v2\/posts\/24329\/revisions"}],"predecessor-version":[{"id":24331,"href":"https:\/\/www.egemtv.com\/index.php?rest_route=\/wp\/v2\/posts\/24329\/revisions\/24331"}],"wp:featuredmedia":[{"embeddable":true,"href":"https:\/\/www.egemtv.com\/index.php?rest_route=\/wp\/v2\/media\/24330"}],"wp:attachment":[{"href":"https:\/\/www.egemtv.com\/index.php?rest_route=%2Fwp%2Fv2%2Fmedia&parent=24329"}],"wp:term":[{"taxonomy":"category","embeddable":true,"href":"https:\/\/www.egemtv.com\/index.php?rest_route=%2Fwp%2Fv2%2Fcategories&post=24329"},{"taxonomy":"post_tag","embeddable":true,"href":"https:\/\/www.egemtv.com\/index.php?rest_route=%2Fwp%2Fv2%2Ftags&post=24329"}],"curies":[{"name":"wp","href":"https:\/\/api.w.org\/{rel}","templated":true}]}}