{"id":24320,"date":"2025-03-06T15:06:15","date_gmt":"2025-03-06T12:06:15","guid":{"rendered":"https:\/\/www.egemtv.com\/?p=24320"},"modified":"2025-03-06T15:06:20","modified_gmt":"2025-03-06T12:06:20","slug":"mugla-sokaklarinin-temizligi-kadinlara-emanet","status":"publish","type":"post","link":"https:\/\/www.egemtv.com\/?p=24320","title":{"rendered":"Mu\u011fla sokaklar\u0131n\u0131n temizli\u011fi kad\u0131nlara emanet"},"content":{"rendered":"<p>Sosyal belediyecilik ve kad\u0131n istihdam\u0131 konular\u0131nda \u00e7al\u0131\u015fmalar\u0131na devam eden Mu\u011fla B\u00fcy\u00fck\u015fehir Belediyesi il genelinde sokak ve caddelerin temizli\u011fini kad\u0131nlara emanet etti. B\u00fcy\u00fck\u015fehir Belediyesi taraf\u0131ndan hayata ge\u00e7irilen proje kapsam\u0131nda il genelinde sokak, cadde ve meydanlar\u0131n temizli\u011finde kad\u0131nlar aktif rol al\u0131yor. B\u00fcy\u00fck\u015fehir Belediyesi hem \u00e7evrenin daha d\u00fczenli hale getirilmesini hem de kad\u0131nlar\u0131n ekonomik hayata kat\u0131lmas\u0131n\u0131 sa\u011fl\u0131yor. Bodrum\u2019da sokak ve meydanda kad\u0131nlar\u0131n temizlikte aktif rol almas\u0131 kent sakinlerinin de b\u00fcy\u00fck takdirini topluyor.<br \/>\n<br \/>Bodrum sokaklar\u0131n\u0131 tertemiz yaparak ekonomik olarak da kazan\u00e7 sa\u011flayan kad\u0131nlar, Bu projeyle hem \u00e7al\u0131\u015f\u0131yor hem de \u015fehrimizi g\u00fczelle\u015ftiriyoruz.<br \/>\n<br \/>Bodrum sokaklar\u0131n\u0131 g\u00fczelle\u015ftiren G\u00fclfidan Cank\u0131rg\u00fcl; &#8220;4 ay \u00f6nce \u00e7al\u0131\u015fmaya ba\u015flad\u0131m. \u00c7al\u0131\u015fmak \u00e7ok g\u00fczel bir duygu anlat\u0131lmaz. Daha mutlu daha g\u00fczel bir hayat i\u00e7in \u00e7ocuklar\u0131m\u0131z i\u00e7in \u00e7al\u0131\u015f\u0131yoruz. Ahmet Ba\u015fkan\u0131m\u0131z\u0131n kad\u0131nlara verdi\u011fi de\u011ferden \u00e7ok memnunuz. Bizi gururland\u0131r\u0131yor&#8221; dedi.<br \/>\n<br \/>Proje ile i\u015fe ba\u015flayanlardan Raziye U\u011furlu, &#8220;4 ay oldu i\u015fe ba\u015flayal\u0131. \u00c7al\u0131\u015fmak bana mutluluk veriyor. Ayaklar\u0131m\u0131n \u00fczerinde durabilmeliyim diye d\u00fc\u015f\u00fcn\u00fcyorum. Bu y\u00fczden \u00e7al\u0131\u015fmay\u0131 \u00e7ok istedim. Zaten daha \u00f6nce de \u00e7al\u0131\u015f\u0131yordum. G\u00fcc\u00fcm\u00fcn yetti\u011fi kadar \u00e7al\u0131\u015fmak istiyorum. Ba\u015fta Ahmet Aras olmak \u00fczere Mu\u011fla B\u00fcy\u00fck\u015fehir Belediyesine bize vermi\u015f oldu\u011fu imkanlardan dolay\u0131 \u00e7ok te\u015fekk\u00fcr ederim&#8221; dedi.<br \/>\n<br \/>Fatma \u015ea\u015fmaz &#8220;\u0130\u015fimi seviyorum. Al\u0131\u015fkanl\u0131k da yapt\u0131 zaten. \u00c7ok memnunum. Kad\u0131nlar\u0131n dokundu\u011fu her yer zaten temiz oluyor, her yer g\u00fczelle\u015fiyor&#8221; dedi.<br \/>\n<br \/>K\u0131y\u0131 Ege Belediyeler Birli\u011fi ve Mu\u011fla B\u00fcy\u00fck\u015fehir Ba\u015fkan\u0131 Ahmet Aras, kad\u0131nlar\u0131 her zaman toplumsal ya\u015fam\u0131n merkezine ta\u015f\u0131yacaklar\u0131n\u0131, kad\u0131nlar\u0131n hayat\u0131n her alan\u0131nda daha aktif rol almas\u0131n\u0131n b\u00fcy\u00fck \u00f6nem ta\u015f\u0131d\u0131\u011f\u0131n\u0131 ve kad\u0131nlar\u0131n i\u015f hayat\u0131na ve sosyal ya\u015fama daha g\u00fc\u00e7l\u00fc kat\u0131labilmesi i\u00e7in \u00e7al\u0131\u015ft\u0131klar\u0131n\u0131 belirtti. Ba\u015fkan Aras, kad\u0131n \u00e7al\u0131\u015fan say\u0131s\u0131n\u0131 y\u00fczde 20 art\u0131rarak i\u015f g\u00fcc\u00fcne kat\u0131l\u0131mlar\u0131n\u0131 te\u015fvik ettiklerni a\u00e7\u0131klad\u0131.<br \/><\/p>\n","protected":false},"excerpt":{"rendered":"<p>Sosyal belediyecilik ve kad\u0131n istihdam\u0131 konular\u0131nda \u00e7al\u0131\u015fmalar\u0131na devam eden Mu\u011fla B\u00fcy\u00fck\u015fehir Belediyesi il genelinde sokak ve caddelerin temizli\u011fini kad\u0131nlara emanet etti. B\u00fcy\u00fck\u015fehir Belediyesi taraf\u0131ndan hayata ge\u00e7irilen proje kapsam\u0131nda il genelinde sokak, cadde ve meydanlar\u0131n temizli\u011finde kad\u0131nlar aktif rol al\u0131yor. B\u00fcy\u00fck\u015fehir Belediyesi hem \u00e7evrenin daha d\u00fczenli hale getirilmesini hem de kad\u0131nlar\u0131n ekonomik hayata kat\u0131lmas\u0131n\u0131 sa\u011fl\u0131yor. Bodrum\u2019da&#8230;<\/p>\n","protected":false},"author":1,"featured_media":24321,"comment_status":"open","ping_status":"open","sticky":false,"template":"","format":"standard","meta":{"_crdt_document":"","footnotes":""},"categories":[1],"tags":[],"class_list":["post-24320","post","type-post","status-publish","format-standard","has-post-thumbnail","hentry","category-guncel"],"_links":{"self":[{"href":"https:\/\/www.egemtv.com\/index.php?rest_route=\/wp\/v2\/posts\/24320","targetHints":{"allow":["GET"]}}],"collection":[{"href":"https:\/\/www.egemtv.com\/index.php?rest_route=\/wp\/v2\/posts"}],"about":[{"href":"https:\/\/www.egemtv.com\/index.php?rest_route=\/wp\/v2\/types\/post"}],"author":[{"embeddable":true,"href":"https:\/\/www.egemtv.com\/index.php?rest_route=\/wp\/v2\/users\/1"}],"replies":[{"embeddable":true,"href":"https:\/\/www.egemtv.com\/index.php?rest_route=%2Fwp%2Fv2%2Fcomments&post=24320"}],"version-history":[{"count":1,"href":"https:\/\/www.egemtv.com\/index.php?rest_route=\/wp\/v2\/posts\/24320\/revisions"}],"predecessor-version":[{"id":24322,"href":"https:\/\/www.egemtv.com\/index.php?rest_route=\/wp\/v2\/posts\/24320\/revisions\/24322"}],"wp:featuredmedia":[{"embeddable":true,"href":"https:\/\/www.egemtv.com\/index.php?rest_route=\/wp\/v2\/media\/24321"}],"wp:attachment":[{"href":"https:\/\/www.egemtv.com\/index.php?rest_route=%2Fwp%2Fv2%2Fmedia&parent=24320"}],"wp:term":[{"taxonomy":"category","embeddable":true,"href":"https:\/\/www.egemtv.com\/index.php?rest_route=%2Fwp%2Fv2%2Fcategories&post=24320"},{"taxonomy":"post_tag","embeddable":true,"href":"https:\/\/www.egemtv.com\/index.php?rest_route=%2Fwp%2Fv2%2Ftags&post=24320"}],"curies":[{"name":"wp","href":"https:\/\/api.w.org\/{rel}","templated":true}]}}