{"id":24317,"date":"2025-03-06T15:06:10","date_gmt":"2025-03-06T12:06:10","guid":{"rendered":"https:\/\/www.egemtv.com\/?p=24317"},"modified":"2025-03-06T15:06:15","modified_gmt":"2025-03-06T12:06:15","slug":"catiya-cikan-yasli-kadini-ekipler-ikna-etti","status":"publish","type":"post","link":"https:\/\/www.egemtv.com\/?p=24317","title":{"rendered":"\u00c7at\u0131ya \u00e7\u0131kan ya\u015fl\u0131 kad\u0131n\u0131 ekipler ikna etti"},"content":{"rendered":"<p>Ayd\u0131n\u2019\u0131n Efeler il\u00e7esinde iddiaya g\u00f6re psikolojik sorunlar\u0131 bulunan ve \u00e7at\u0131ya \u00e7\u0131kan ya\u015fl\u0131 kad\u0131n, ekipler taraf\u0131ndan ikna edilerek a\u015fa\u011f\u0131ya indirildi.<\/p>\n<p>Olay, Efeler il\u00e7esi Girne Mahallesi 2191 Sokak \u00fczerinde meydana geldi. Edinilen bilgiye g\u00f6re, psikolojik sorunlar\u0131 oldu\u011fu iddia edilen 70 ya\u015f\u0131ndaki F.A., \u00e7at\u0131ya \u00e7\u0131kt\u0131. F.A.\u2019y\u0131 \u00e7at\u0131da g\u00f6ren kom\u015fular\u0131 durumu 112 Acil \u00c7a\u011fr\u0131 Merkezi\u2019ne bildirdi. \u0130hbar \u00fczerine olay yerine polis, itfaiye ve sa\u011fl\u0131k ekipleri sevk edildi. K\u0131sa s\u00fcrede olay yerine gelen ekipler, ya\u015fl\u0131 kad\u0131n\u0131 ikna ederek a\u015fa\u011f\u0131ya indirdi. Olay yerinde sa\u011fl\u0131k kontrolleri yap\u0131lan ya\u015fl\u0131 kad\u0131n hastaneye gitmeyi kabul etmezken, olayla ilgili inceleme ba\u015flat\u0131ld\u0131.<br \/><\/p>\n","protected":false},"excerpt":{"rendered":"<p>Ayd\u0131n\u2019\u0131n Efeler il\u00e7esinde iddiaya g\u00f6re psikolojik sorunlar\u0131 bulunan ve \u00e7at\u0131ya \u00e7\u0131kan ya\u015fl\u0131 kad\u0131n, ekipler taraf\u0131ndan ikna edilerek a\u015fa\u011f\u0131ya indirildi. Olay, Efeler il\u00e7esi Girne Mahallesi 2191 Sokak \u00fczerinde meydana geldi. Edinilen bilgiye g\u00f6re, psikolojik sorunlar\u0131 oldu\u011fu iddia edilen 70 ya\u015f\u0131ndaki F.A., \u00e7at\u0131ya \u00e7\u0131kt\u0131. F.A.\u2019y\u0131 \u00e7at\u0131da g\u00f6ren kom\u015fular\u0131 durumu 112 Acil \u00c7a\u011fr\u0131 Merkezi\u2019ne bildirdi. \u0130hbar \u00fczerine olay&#8230;<\/p>\n","protected":false},"author":1,"featured_media":24318,"comment_status":"open","ping_status":"open","sticky":false,"template":"","format":"standard","meta":{"_crdt_document":"","footnotes":""},"categories":[5],"tags":[],"class_list":["post-24317","post","type-post","status-publish","format-standard","has-post-thumbnail","hentry","category-asayis"],"_links":{"self":[{"href":"https:\/\/www.egemtv.com\/index.php?rest_route=\/wp\/v2\/posts\/24317","targetHints":{"allow":["GET"]}}],"collection":[{"href":"https:\/\/www.egemtv.com\/index.php?rest_route=\/wp\/v2\/posts"}],"about":[{"href":"https:\/\/www.egemtv.com\/index.php?rest_route=\/wp\/v2\/types\/post"}],"author":[{"embeddable":true,"href":"https:\/\/www.egemtv.com\/index.php?rest_route=\/wp\/v2\/users\/1"}],"replies":[{"embeddable":true,"href":"https:\/\/www.egemtv.com\/index.php?rest_route=%2Fwp%2Fv2%2Fcomments&post=24317"}],"version-history":[{"count":1,"href":"https:\/\/www.egemtv.com\/index.php?rest_route=\/wp\/v2\/posts\/24317\/revisions"}],"predecessor-version":[{"id":24319,"href":"https:\/\/www.egemtv.com\/index.php?rest_route=\/wp\/v2\/posts\/24317\/revisions\/24319"}],"wp:featuredmedia":[{"embeddable":true,"href":"https:\/\/www.egemtv.com\/index.php?rest_route=\/wp\/v2\/media\/24318"}],"wp:attachment":[{"href":"https:\/\/www.egemtv.com\/index.php?rest_route=%2Fwp%2Fv2%2Fmedia&parent=24317"}],"wp:term":[{"taxonomy":"category","embeddable":true,"href":"https:\/\/www.egemtv.com\/index.php?rest_route=%2Fwp%2Fv2%2Fcategories&post=24317"},{"taxonomy":"post_tag","embeddable":true,"href":"https:\/\/www.egemtv.com\/index.php?rest_route=%2Fwp%2Fv2%2Ftags&post=24317"}],"curies":[{"name":"wp","href":"https:\/\/api.w.org\/{rel}","templated":true}]}}