{"id":24314,"date":"2025-03-06T14:47:29","date_gmt":"2025-03-06T11:47:29","guid":{"rendered":"https:\/\/www.egemtv.com\/?p=24314"},"modified":"2025-03-06T14:47:35","modified_gmt":"2025-03-06T11:47:35","slug":"yunusemrede-ramazan-carsisi-kuruluyor","status":"publish","type":"post","link":"https:\/\/www.egemtv.com\/?p=24314","title":{"rendered":"Yunusemre\u2019de Ramazan \u00c7ar\u015f\u0131s\u0131 kuruluyor"},"content":{"rendered":"<p>Yunusemre Belediyesi, Ramazan ay\u0131n\u0131 en g\u00fczel \u015fekilde ya\u015fatmak i\u00e7in 100. Y\u0131l Meydan\u0131\u2019nda Ramazan \u00c7ar\u015f\u0131s\u0131 kuruyor. 7 Mart Cuma g\u00fcn\u00fc saat 16.30\u2019da kap\u0131lar\u0131n\u0131 a\u00e7acak olan \u00e7ar\u015f\u0131, eski Ramazanlar\u0131 hat\u0131rlatan etkinlikleri ve dopdolu program\u0131yla vatanda\u015flara unutulmaz anlar ya\u015fatacak.<br \/>\n<br \/>Ramazan ruhunun doyas\u0131ya ya\u015fanaca\u011f\u0131 Ramazan \u00c7ar\u015f\u0131s\u0131, Yunusemre Belediyesi 100. Y\u0131l Meydan\u0131\u2019nda kuruluyor. Ramazan \u00c7ar\u015f\u0131s\u0131\u2019nda her g\u00fcn farkl\u0131 etkinlikler d\u00fczenlenerek, ziyaret\u00e7ilere geleneksel e\u011flenceler sunulacak. Semazen g\u00f6sterileri, Hacivat ve Karag\u00f6z oyunlar\u0131, sirk g\u00f6sterileri gibi renkli etkinlikler, Ramazan\u2019\u0131n ruhunu doyas\u0131ya ya\u015famak isteyen herkesi bekliyor. E\u011flencenin yan\u0131 s\u0131ra, \u00e7ar\u015f\u0131da al\u0131\u015fveri\u015f stantlar\u0131 da kurulacak. \u00d6nemli markalar\u0131n ve yerel esnaflar\u0131n yer alaca\u011f\u0131 bu stantlar, hem vatanda\u015flara keyifli bir al\u0131\u015fveri\u015f deneyimi sunacak hem de Manisa esnaf\u0131na ekonomik katk\u0131 sa\u011flayacak.<br \/>\n<br \/>Ramazan \u00c7ar\u015f\u0131s\u0131\u2019n\u0131n, Ramazan ay\u0131 boyunca a\u00e7\u0131k olaca\u011f\u0131n\u0131 belirten Yunusemre Belediye Ba\u015fkan\u0131 Semih Balaban, konuya ili\u015fkin yapt\u0131\u011f\u0131 a\u00e7\u0131klamada, &#8220;On bir ay\u0131n sultan\u0131 Ramazan ay\u0131n\u0131 hep birlikte co\u015fkuyla her g\u00fcn farkl\u0131 etkinliklerle dolu dolu ge\u00e7ecek bu program\u0131m\u0131za t\u00fcm halk\u0131m\u0131z\u0131 davet ediyorum. \u00c7ar\u015f\u0131m\u0131zda stant a\u00e7acak esnaf\u0131m\u0131za da bol kazan\u00e7lar diliyorum&#8221; dedi.<br \/><\/p>\n","protected":false},"excerpt":{"rendered":"<p>Yunusemre Belediyesi, Ramazan ay\u0131n\u0131 en g\u00fczel \u015fekilde ya\u015fatmak i\u00e7in 100. Y\u0131l Meydan\u0131\u2019nda Ramazan \u00c7ar\u015f\u0131s\u0131 kuruyor. 7 Mart Cuma g\u00fcn\u00fc saat 16.30\u2019da kap\u0131lar\u0131n\u0131 a\u00e7acak olan \u00e7ar\u015f\u0131, eski Ramazanlar\u0131 hat\u0131rlatan etkinlikleri ve dopdolu program\u0131yla vatanda\u015flara unutulmaz anlar ya\u015fatacak. Ramazan ruhunun doyas\u0131ya ya\u015fanaca\u011f\u0131 Ramazan \u00c7ar\u015f\u0131s\u0131, Yunusemre Belediyesi 100. Y\u0131l Meydan\u0131\u2019nda kuruluyor. Ramazan \u00c7ar\u015f\u0131s\u0131\u2019nda her g\u00fcn farkl\u0131 etkinlikler d\u00fczenlenerek,&#8230;<\/p>\n","protected":false},"author":1,"featured_media":24315,"comment_status":"open","ping_status":"open","sticky":false,"template":"","format":"standard","meta":{"_crdt_document":"","footnotes":""},"categories":[123],"tags":[],"class_list":["post-24314","post","type-post","status-publish","format-standard","has-post-thumbnail","hentry","category-gundem"],"_links":{"self":[{"href":"https:\/\/www.egemtv.com\/index.php?rest_route=\/wp\/v2\/posts\/24314","targetHints":{"allow":["GET"]}}],"collection":[{"href":"https:\/\/www.egemtv.com\/index.php?rest_route=\/wp\/v2\/posts"}],"about":[{"href":"https:\/\/www.egemtv.com\/index.php?rest_route=\/wp\/v2\/types\/post"}],"author":[{"embeddable":true,"href":"https:\/\/www.egemtv.com\/index.php?rest_route=\/wp\/v2\/users\/1"}],"replies":[{"embeddable":true,"href":"https:\/\/www.egemtv.com\/index.php?rest_route=%2Fwp%2Fv2%2Fcomments&post=24314"}],"version-history":[{"count":1,"href":"https:\/\/www.egemtv.com\/index.php?rest_route=\/wp\/v2\/posts\/24314\/revisions"}],"predecessor-version":[{"id":24316,"href":"https:\/\/www.egemtv.com\/index.php?rest_route=\/wp\/v2\/posts\/24314\/revisions\/24316"}],"wp:featuredmedia":[{"embeddable":true,"href":"https:\/\/www.egemtv.com\/index.php?rest_route=\/wp\/v2\/media\/24315"}],"wp:attachment":[{"href":"https:\/\/www.egemtv.com\/index.php?rest_route=%2Fwp%2Fv2%2Fmedia&parent=24314"}],"wp:term":[{"taxonomy":"category","embeddable":true,"href":"https:\/\/www.egemtv.com\/index.php?rest_route=%2Fwp%2Fv2%2Fcategories&post=24314"},{"taxonomy":"post_tag","embeddable":true,"href":"https:\/\/www.egemtv.com\/index.php?rest_route=%2Fwp%2Fv2%2Ftags&post=24314"}],"curies":[{"name":"wp","href":"https:\/\/api.w.org\/{rel}","templated":true}]}}