{"id":24311,"date":"2025-03-06T14:47:23","date_gmt":"2025-03-06T11:47:23","guid":{"rendered":"https:\/\/www.egemtv.com\/?p=24311"},"modified":"2025-03-06T14:47:29","modified_gmt":"2025-03-06T11:47:29","slug":"cimnastigin-kalbi-manisada-atmaya-devam-ediyor","status":"publish","type":"post","link":"https:\/\/www.egemtv.com\/?p=24311","title":{"rendered":"Cimnasti\u011fin kalbi Manisa\u2019da atmaya devam ediyor"},"content":{"rendered":"<p>Aerobik cimnastik bran\u015f\u0131nda Ay\u015fe Beg\u00fcm Onba\u015f\u0131 ile d\u00fcnya \u015fampiyonlu\u011funu T\u00fcrkiye\u2019ye kazand\u0131ran Manisa\u2019da, yeni \u015fampiyonlar\u0131n yeti\u015fmesiyle, milli tak\u0131m\u0131n b\u00fcy\u00fck k\u0131sm\u0131 Manisal\u0131 cimnastik\u00e7ilerden olu\u015fuyor. Son olarak 27 \u015eubat 2 Mart tarihleri aras\u0131nda \u0130stanbul Sancaktepe\u2019de yap\u0131lan milli tak\u0131m se\u00e7melerinde Manisa adeta kendisiyle yar\u0131\u015ft\u0131.<br \/>\n<br \/>Manisa Celal Bayar \u00dcniversitesi Spor Bilimleri Fak\u00fcltesi \u00f6\u011fretim \u00fcyesi G\u00fcrkan Er taraf\u0131ndan Manisa\u2019da aerobik cimnasti\u011fin temelleri at\u0131lan ve onun yeti\u015ftirdi\u011fi antren\u00f6r Harun \u00c7elik\u2019in \u00e7al\u0131\u015ft\u0131rd\u0131\u011f\u0131 Manisa Spil Spor Kul\u00fcb\u00fc\u2019n\u00fcn gen\u00e7 cimnastik\u00e7ileri ba\u015far\u0131dan ba\u015far\u0131ya ko\u015fuyor. Kat\u0131ld\u0131klar\u0131 yar\u0131\u015fmalarda neredeyse t\u00fcm dereceleri kimseye kapt\u0131rm\u0131yorlar.<br \/>\n<br \/>T\u00fcrkiye Cimnastik Federasyonu taraf\u0131ndan en son 27 \u015eubat 2 Mart tarihleri aras\u0131nda \u0130stanbul Sancaktepe\u2019de yap\u0131lan T\u00fcrkiye \u015eampiyonas\u0131na kat\u0131lan Manisa Celal Bayar \u00dcniversitesi Spor Kul\u00fcb\u00fc ile 2012 y\u0131l\u0131nda kurulan Manisa Spil Spor Kul\u00fcb\u00fc Aerobik Cimnastik sporcular\u0131 neredeyse kat\u0131ld\u0131klar\u0131 t\u00fcm kategorilerde b\u00fcy\u00fck ba\u015far\u0131 g\u00f6sterdiler ve adeta kendileriyle yar\u0131\u015ft\u0131.<\/p>\n<p>Manisa Spil Spor Kul\u00fcb\u00fc sporcular\u0131ndan b\u00fcy\u00fck ba\u015far\u0131<br \/>\n<br \/>Manisa Spil Spor Kul\u00fcb\u00fc Ba\u015fkan\u0131 \u00d6zg\u00fcr Erdemir, &#8220;Kul\u00fcp olarak kat\u0131ld\u0131\u011f\u0131m\u0131z bu yar\u0131\u015fmada hem kul\u00fcb\u00fcm\u00fcz hem Manisa resmen kendisiyle yar\u0131\u015ft\u0131 diyebilirim. Ba\u015fka hi\u00e7bir ilden bizi zorlayabilecek durum olu\u015fmad\u0131. 12-14 ya\u015f grubunda tek bayanlarda birinci ve ikinci bizim kul\u00fcb\u00fcm\u00fczden, tek erkeklerde yar\u0131\u015fmaya kat\u0131lmad\u0131k. Bir sporcumuzun vard\u0131 Trio\u2019da bayanlarda ikinci olduk. \u00c7iftlerde ise \u00e7iftimiz vard\u0131 yar\u0131\u015ft\u0131lar ama dereceye giremediler. 12-14 ya\u015f grubunda \u015fampiyon olduk ve birincili\u011fi ald\u0131k. 15-17 ya\u015f grubunda neredeyse b\u00fct\u00fcn birincilikleri biz ald\u0131k. Hani \u015f\u00f6yle s\u00f6yleyeyim, tek bayanlarda birinci ve \u00fc\u00e7\u00fcnc\u00fc bizden. Manisa olarak bakt\u0131\u011f\u0131m\u0131z zaman birinci, ikinci ve \u00fc\u00e7\u00fcnc\u00fc Manisa\u2019dan. Yani ikinci de Manisa\u2019dan ama ba\u015fka bir kul\u00fcpten. 15-17 Ya\u015f Tek Erkeklerde Ar\u0131n Pek\u00f6n\u00fcr \u015fampiyon oldu, Gurupta \u00d6zg\u00fc Erdemir, Elif Sude Ulu, Derya Mina A\u011fan, Asmin Birsin ve Elif Karabal\u0131k ile birinciyiz. 15-17 on be\u015f on yedi ya\u015f grubunda birinciyiz. 15-17 ya\u015f \u00c7iftlerde Eyl\u00fcl Naz Ayg\u00f6r ve Ar\u0131n Pek\u00f6n\u00fcr ile birinciyiz&#8221; dedi.<\/p>\n<p>&#8220;Bu y\u0131l ilk kez kat\u0131ld\u0131klar\u0131 dalda birinci oldular&#8221;<br \/>\n<br \/>Manisa Spil Spor Kul\u00fcb\u00fc Ba\u015fkan\u0131 Erdemir, &#8220;Ayr\u0131ca bu sene Manisa\u2019n\u0131n ilk defa yapt\u0131\u011f\u0131 12-14 ya\u015f grubunda Aerobik dans da sporcular\u0131m\u0131z Furkan Saylan, Tanem Atar ve Duru G\u00fcnen ile \u015fampiyon olduk. Bu Manisa\u2019da ilk defa yap\u0131ld\u0131 ve \u015fampiyonluk geldi. G\u00fczel de bir koreografi oldu. Yani b\u00fct\u00fcn kategorilerde neredeyse birincilik bizdeydi. G\u00fczel de bir yar\u0131\u015fma ge\u00e7ti. \u00c7\u00fcnk\u00fc al\u0131nacak madalya da kalmad\u0131&#8221; diye konu\u015ftu.<\/p>\n<p>&#8220;20 Mart\u2019ta Portekiz\u2019e D\u00fcnya kupas\u0131na gidecekler&#8221;<br \/>\n<br \/>T\u00fcrkiye \u015eampiyonas\u0131, milli tak\u0131mlar\u0131n \u00f6n\u00fcm\u00fczdeki sene ve bu y\u0131l i\u00e7erisinde \u00f6n\u00fcm\u00fczdeki yar\u0131\u015fmalarda \u00c7ekya\u2019da Avrupa \u015eampiyonas\u0131\u2019nda kat\u0131laca\u011f\u0131 yar\u0131\u015fmalar i\u00e7in se\u00e7me oldu\u011funu kaydeden Manisa Spil Spor Kul\u00fcb\u00fc Ba\u015fkan\u0131 Erdemir, &#8220;B\u00fcy\u00fck ihtimalle de Milli Tak\u0131m\u0131n neredeyse b\u00fct\u00fcn sporcular\u0131 bizim kul\u00fcb\u00fcm\u00fczden gidecek gibi g\u00f6r\u00fcn\u00fcyor. Bu yar\u0131\u015fmaya gitmeden \u00f6nce son yar\u0131\u015fmada derece giren 3 tane sporcumuz bu sene Trio\u2019da 13-14 ya\u015f gurubunda ve teklerde dereceye giren sporcular\u0131m\u0131z S\u0131rbistan\u2019da yap\u0131lacak okullar aras\u0131 ise ISEF\u2019te yar\u0131\u015facaklar ve hem \u00fclkemizi hem de kul\u00fcb\u00fcm\u00fcz\u00fc temsil edecekler. T\u00fcrkiye\u2019nin yurt d\u0131\u015f\u0131na kat\u0131laca\u011f\u0131 yar\u0131\u015fmalar\u0131n neredeyse bir\u00e7o\u011funa bizim \u00e7ocuklar\u0131m\u0131z\u0131 g\u00f6nderece\u011fiz. Bunlar ba\u015far\u0131l\u0131 \u00e7ocuklar zaten. \u0130\u00e7inde D\u00fcnya \u015fampiyonu olmu\u015f \u00e7ocuklar da var, Ar\u0131n Pek\u00f6n\u00fcr ve Eyl\u00fcl Naz Ayg\u00f6r gibi. Yani bizim i\u00e7in \u00e7ok g\u00fczel, ba\u015far\u0131l\u0131 bir yar\u0131\u015fma ge\u00e7ti. T\u00fcm sporcular\u0131m\u0131z\u0131 tebrik ediyorum&#8221; dedi.<br \/>\n<br \/>Milli Tak\u0131m kadrosuna se\u00e7ilen sporcular\u0131n 20 Mart tarihinde Portekiz\u2019de ger\u00e7ekle\u015ftirilecek D\u00fcnya \u015eampiyonas\u0131na kat\u0131lacaklar \u00f6\u011frenildi.<br \/><\/p>\n","protected":false},"excerpt":{"rendered":"<p>Aerobik cimnastik bran\u015f\u0131nda Ay\u015fe Beg\u00fcm Onba\u015f\u0131 ile d\u00fcnya \u015fampiyonlu\u011funu T\u00fcrkiye\u2019ye kazand\u0131ran Manisa\u2019da, yeni \u015fampiyonlar\u0131n yeti\u015fmesiyle, milli tak\u0131m\u0131n b\u00fcy\u00fck k\u0131sm\u0131 Manisal\u0131 cimnastik\u00e7ilerden olu\u015fuyor. Son olarak 27 \u015eubat 2 Mart tarihleri aras\u0131nda \u0130stanbul Sancaktepe\u2019de yap\u0131lan milli tak\u0131m se\u00e7melerinde Manisa adeta kendisiyle yar\u0131\u015ft\u0131. Manisa Celal Bayar \u00dcniversitesi Spor Bilimleri Fak\u00fcltesi \u00f6\u011fretim \u00fcyesi G\u00fcrkan Er taraf\u0131ndan Manisa\u2019da aerobik cimnasti\u011fin&#8230;<\/p>\n","protected":false},"author":1,"featured_media":24312,"comment_status":"open","ping_status":"open","sticky":false,"template":"","format":"standard","meta":{"_crdt_document":"","footnotes":""},"categories":[4],"tags":[],"class_list":["post-24311","post","type-post","status-publish","format-standard","has-post-thumbnail","hentry","category-spor"],"_links":{"self":[{"href":"https:\/\/www.egemtv.com\/index.php?rest_route=\/wp\/v2\/posts\/24311","targetHints":{"allow":["GET"]}}],"collection":[{"href":"https:\/\/www.egemtv.com\/index.php?rest_route=\/wp\/v2\/posts"}],"about":[{"href":"https:\/\/www.egemtv.com\/index.php?rest_route=\/wp\/v2\/types\/post"}],"author":[{"embeddable":true,"href":"https:\/\/www.egemtv.com\/index.php?rest_route=\/wp\/v2\/users\/1"}],"replies":[{"embeddable":true,"href":"https:\/\/www.egemtv.com\/index.php?rest_route=%2Fwp%2Fv2%2Fcomments&post=24311"}],"version-history":[{"count":1,"href":"https:\/\/www.egemtv.com\/index.php?rest_route=\/wp\/v2\/posts\/24311\/revisions"}],"predecessor-version":[{"id":24313,"href":"https:\/\/www.egemtv.com\/index.php?rest_route=\/wp\/v2\/posts\/24311\/revisions\/24313"}],"wp:featuredmedia":[{"embeddable":true,"href":"https:\/\/www.egemtv.com\/index.php?rest_route=\/wp\/v2\/media\/24312"}],"wp:attachment":[{"href":"https:\/\/www.egemtv.com\/index.php?rest_route=%2Fwp%2Fv2%2Fmedia&parent=24311"}],"wp:term":[{"taxonomy":"category","embeddable":true,"href":"https:\/\/www.egemtv.com\/index.php?rest_route=%2Fwp%2Fv2%2Fcategories&post=24311"},{"taxonomy":"post_tag","embeddable":true,"href":"https:\/\/www.egemtv.com\/index.php?rest_route=%2Fwp%2Fv2%2Ftags&post=24311"}],"curies":[{"name":"wp","href":"https:\/\/api.w.org\/{rel}","templated":true}]}}