{"id":24308,"date":"2025-03-06T14:47:17","date_gmt":"2025-03-06T11:47:17","guid":{"rendered":"https:\/\/www.egemtv.com\/?p=24308"},"modified":"2025-03-06T14:47:23","modified_gmt":"2025-03-06T11:47:23","slug":"mentesede-42-kantin-ve-25-yemekhane-denetlendi","status":"publish","type":"post","link":"https:\/\/www.egemtv.com\/?p=24308","title":{"rendered":"Mente\u015fe\u2019de 42 kantin ve 25 yemekhane denetlendi"},"content":{"rendered":"<p>Mu\u011fla\u2019n\u0131n Mente\u015fe il\u00e7esi Milli E\u011fitim Bakanl\u0131\u011f\u0131\u2019na ba\u011fl\u0131 okul ve kurumsal kantin, yemekhane, b\u00fcfe ve \u00e7ay ocaklar\u0131 gibi g\u0131da i\u015fletmeleri, \u0130l\u00e7e G\u0131da Denetim Komisyonu taraf\u0131ndan denetlendi.<\/p>\n<p>Mente\u015fe \u0130l\u00e7e Milli E\u011fitim M\u00fcd\u00fcrl\u00fc\u011f\u00fc, Mente\u015fe \u0130l\u00e7e Tar\u0131m ve Orman M\u00fcd\u00fcrl\u00fc\u011f\u00fc ile Mente\u015fe \u0130l\u00e7e Sa\u011fl\u0131k M\u00fcd\u00fcrl\u00fc\u011f\u00fc koordineli bir \u015fekilde y\u00fcr\u00fct\u00fclen denetimlerde, okul kantinlerinde \u00fcretilen g\u0131dalar kontrol edildi. \u0130l\u00e7ede resmi ve \u00f6zel okullarda bulunan 42 kantin ve 25 yemekhane denetime tabi tutuldu.<\/p>\n<p>Denetimlerde, \u00f6\u011frencilerin g\u00fcvenilir g\u0131daya ula\u015fmas\u0131 i\u00e7in kantin, yemekhane, kafeterya ve b\u00fcfelerde kontroller yap\u0131ld\u0131.<\/p>\n<p>Periyodik kontrollerin devam edece\u011fi belirtildi.<br \/><\/p>\n","protected":false},"excerpt":{"rendered":"<p>Mu\u011fla\u2019n\u0131n Mente\u015fe il\u00e7esi Milli E\u011fitim Bakanl\u0131\u011f\u0131\u2019na ba\u011fl\u0131 okul ve kurumsal kantin, yemekhane, b\u00fcfe ve \u00e7ay ocaklar\u0131 gibi g\u0131da i\u015fletmeleri, \u0130l\u00e7e G\u0131da Denetim Komisyonu taraf\u0131ndan denetlendi. Mente\u015fe \u0130l\u00e7e Milli E\u011fitim M\u00fcd\u00fcrl\u00fc\u011f\u00fc, Mente\u015fe \u0130l\u00e7e Tar\u0131m ve Orman M\u00fcd\u00fcrl\u00fc\u011f\u00fc ile Mente\u015fe \u0130l\u00e7e Sa\u011fl\u0131k M\u00fcd\u00fcrl\u00fc\u011f\u00fc koordineli bir \u015fekilde y\u00fcr\u00fct\u00fclen denetimlerde, okul kantinlerinde \u00fcretilen g\u0131dalar kontrol edildi. \u0130l\u00e7ede resmi ve&#8230;<\/p>\n","protected":false},"author":1,"featured_media":24309,"comment_status":"open","ping_status":"open","sticky":false,"template":"","format":"standard","meta":{"_crdt_document":"","footnotes":""},"categories":[1],"tags":[],"class_list":["post-24308","post","type-post","status-publish","format-standard","has-post-thumbnail","hentry","category-guncel"],"_links":{"self":[{"href":"https:\/\/www.egemtv.com\/index.php?rest_route=\/wp\/v2\/posts\/24308","targetHints":{"allow":["GET"]}}],"collection":[{"href":"https:\/\/www.egemtv.com\/index.php?rest_route=\/wp\/v2\/posts"}],"about":[{"href":"https:\/\/www.egemtv.com\/index.php?rest_route=\/wp\/v2\/types\/post"}],"author":[{"embeddable":true,"href":"https:\/\/www.egemtv.com\/index.php?rest_route=\/wp\/v2\/users\/1"}],"replies":[{"embeddable":true,"href":"https:\/\/www.egemtv.com\/index.php?rest_route=%2Fwp%2Fv2%2Fcomments&post=24308"}],"version-history":[{"count":1,"href":"https:\/\/www.egemtv.com\/index.php?rest_route=\/wp\/v2\/posts\/24308\/revisions"}],"predecessor-version":[{"id":24310,"href":"https:\/\/www.egemtv.com\/index.php?rest_route=\/wp\/v2\/posts\/24308\/revisions\/24310"}],"wp:featuredmedia":[{"embeddable":true,"href":"https:\/\/www.egemtv.com\/index.php?rest_route=\/wp\/v2\/media\/24309"}],"wp:attachment":[{"href":"https:\/\/www.egemtv.com\/index.php?rest_route=%2Fwp%2Fv2%2Fmedia&parent=24308"}],"wp:term":[{"taxonomy":"category","embeddable":true,"href":"https:\/\/www.egemtv.com\/index.php?rest_route=%2Fwp%2Fv2%2Fcategories&post=24308"},{"taxonomy":"post_tag","embeddable":true,"href":"https:\/\/www.egemtv.com\/index.php?rest_route=%2Fwp%2Fv2%2Ftags&post=24308"}],"curies":[{"name":"wp","href":"https:\/\/api.w.org\/{rel}","templated":true}]}}