{"id":24305,"date":"2025-03-06T14:47:16","date_gmt":"2025-03-06T11:47:16","guid":{"rendered":"https:\/\/www.egemtv.com\/?p=24305"},"modified":"2025-03-06T14:47:17","modified_gmt":"2025-03-06T11:47:17","slug":"afyonkarahisar-muftulugunden-ramazana-ozel-kitap-tahlili-etkinligi","status":"publish","type":"post","link":"https:\/\/www.egemtv.com\/?p=24305","title":{"rendered":"Afyonkarahisar M\u00fcft\u00fcl\u00fc\u011f\u00fcnden Ramazan\u2019a \u00f6zel kitap tahlili etkinli\u011fi"},"content":{"rendered":"<p>Afyonkarahisar Diyanet Gen\u00e7lik Merkezi\u2019nde &#8220;Samanyolu\u2019nda Ziyafet&#8221; isimli kitap tahlili ger\u00e7ekle\u015ftirildi.<br \/>\n<br \/>Afyonkarahisar M\u00fcft\u00fcl\u00fc\u011f\u00fc Diyanet Gen\u00e7lik Merkezi\u2019nde anlaml\u0131 bir kitap tahlili program\u0131 ger\u00e7ekle\u015ftirildi. Dr. \u00d6\u011fretim \u00dcyesi M. Yasin Akba\u015f\u2019\u0131n rehberli\u011finde d\u00fczenlenen programda, Sezai Karako\u00e7\u2019un Samanyolu\u2019nda Ziyafet adl\u0131 eseri derinlemesine incelendi. Programa kat\u0131lan gen\u00e7ler, oru\u00e7 ibadetinin manevi boyutunu ele alan bu \u00f6nemli eseri hep birlikte tahlil etti. Kitapta yer alan oru\u00e7, sab\u0131r ve kulluk bilinciyle ilgili d\u00fc\u015f\u00fcnceler \u00fczerinde durulurken, kat\u0131l\u0131mc\u0131lar da g\u00f6r\u00fc\u015f ve yorumlar\u0131yla programa katk\u0131 sundu.<br \/><\/p>\n","protected":false},"excerpt":{"rendered":"<p>Afyonkarahisar Diyanet Gen\u00e7lik Merkezi\u2019nde &#8220;Samanyolu\u2019nda Ziyafet&#8221; isimli kitap tahlili ger\u00e7ekle\u015ftirildi. Afyonkarahisar M\u00fcft\u00fcl\u00fc\u011f\u00fc Diyanet Gen\u00e7lik Merkezi\u2019nde anlaml\u0131 bir kitap tahlili program\u0131 ger\u00e7ekle\u015ftirildi. Dr. \u00d6\u011fretim \u00dcyesi M. Yasin Akba\u015f\u2019\u0131n rehberli\u011finde d\u00fczenlenen programda, Sezai Karako\u00e7\u2019un Samanyolu\u2019nda Ziyafet adl\u0131 eseri derinlemesine incelendi. Programa kat\u0131lan gen\u00e7ler, oru\u00e7 ibadetinin manevi boyutunu ele alan bu \u00f6nemli eseri hep birlikte tahlil etti. Kitapta&#8230;<\/p>\n","protected":false},"author":1,"featured_media":24306,"comment_status":"open","ping_status":"open","sticky":false,"template":"","format":"standard","meta":{"_crdt_document":"","footnotes":""},"categories":[1],"tags":[],"class_list":["post-24305","post","type-post","status-publish","format-standard","has-post-thumbnail","hentry","category-guncel"],"_links":{"self":[{"href":"https:\/\/www.egemtv.com\/index.php?rest_route=\/wp\/v2\/posts\/24305","targetHints":{"allow":["GET"]}}],"collection":[{"href":"https:\/\/www.egemtv.com\/index.php?rest_route=\/wp\/v2\/posts"}],"about":[{"href":"https:\/\/www.egemtv.com\/index.php?rest_route=\/wp\/v2\/types\/post"}],"author":[{"embeddable":true,"href":"https:\/\/www.egemtv.com\/index.php?rest_route=\/wp\/v2\/users\/1"}],"replies":[{"embeddable":true,"href":"https:\/\/www.egemtv.com\/index.php?rest_route=%2Fwp%2Fv2%2Fcomments&post=24305"}],"version-history":[{"count":1,"href":"https:\/\/www.egemtv.com\/index.php?rest_route=\/wp\/v2\/posts\/24305\/revisions"}],"predecessor-version":[{"id":24307,"href":"https:\/\/www.egemtv.com\/index.php?rest_route=\/wp\/v2\/posts\/24305\/revisions\/24307"}],"wp:featuredmedia":[{"embeddable":true,"href":"https:\/\/www.egemtv.com\/index.php?rest_route=\/wp\/v2\/media\/24306"}],"wp:attachment":[{"href":"https:\/\/www.egemtv.com\/index.php?rest_route=%2Fwp%2Fv2%2Fmedia&parent=24305"}],"wp:term":[{"taxonomy":"category","embeddable":true,"href":"https:\/\/www.egemtv.com\/index.php?rest_route=%2Fwp%2Fv2%2Fcategories&post=24305"},{"taxonomy":"post_tag","embeddable":true,"href":"https:\/\/www.egemtv.com\/index.php?rest_route=%2Fwp%2Fv2%2Ftags&post=24305"}],"curies":[{"name":"wp","href":"https:\/\/api.w.org\/{rel}","templated":true}]}}