{"id":24302,"date":"2025-03-06T14:27:26","date_gmt":"2025-03-06T11:27:26","guid":{"rendered":"https:\/\/www.egemtv.com\/?p=24302"},"modified":"2025-03-06T14:27:29","modified_gmt":"2025-03-06T11:27:29","slug":"cemaat-namaza-durdu-onlar-ayakkabilarin-pesine-dustu","status":"publish","type":"post","link":"https:\/\/www.egemtv.com\/?p=24302","title":{"rendered":"Cemaat namaza durdu, onlar ayakkab\u0131lar\u0131n pe\u015fine d\u00fc\u015ft\u00fc"},"content":{"rendered":"<p>Ayd\u0131n\u2019\u0131n Didim il\u00e7esinde Ramazan ay\u0131ndaki kalabal\u0131\u011f\u0131 f\u0131rsat bilen ayakkab\u0131 h\u0131rs\u0131zlar\u0131, cami i\u00e7erisinde be\u011fendikleri ayakkab\u0131lar\u0131 se\u00e7ip \u00e7alarken, g\u00fcvenlik kameralar\u0131na yakaland\u0131.<br \/>\n<br \/>Didim Cumhuriyet Mahallesi\u2019nde yer alan Hay\u0131rseverler Camii\u2019nde bu kadar\u0131 da pes dedirten h\u0131rs\u0131zl\u0131k olay\u0131 ya\u015fand\u0131. Edinilen bilgiye g\u00f6re, Ramazan ay\u0131 dolay\u0131s\u0131yla Teravih namaz\u0131 i\u00e7in cemaat namaz\u0131 durdu\u011fu esnada camiinin ayakkab\u0131 konulan b\u00f6lgesine giren iki h\u0131rs\u0131z ayakkab\u0131 \u00e7almak i\u00e7in harekete ge\u00e7ti. \u0130ki h\u0131rs\u0131z \u00e7ok say\u0131da ayakkab\u0131 i\u00e7erisinde se\u00e7im yapmalar\u0131n\u0131n ard\u0131ndan, ald\u0131klar\u0131 ayakkab\u0131lar\u0131 giyerek camiden uzakla\u015ft\u0131. H\u0131rs\u0131zlar\u0131n ayakkab\u0131lar\u0131 ald\u0131klar\u0131 anlar ise caminin g\u00fcvenlik kameralar\u0131nca saniye saniye kaydedildi. Olay\u0131n ayakkab\u0131lar\u0131 \u00e7al\u0131nan cemaatin durumu cami yetkilisine bildirmesiyle ortaya \u00e7\u0131kart\u0131ld\u0131.<br \/>\n<br \/>H\u0131rs\u0131zl\u0131k \u015f\u00fcphelilerinin yakalanmas\u0131 i\u00e7in \u00e7al\u0131\u015fma ba\u015flat\u0131ld\u0131.<br \/><\/p>\n","protected":false},"excerpt":{"rendered":"<p>Ayd\u0131n\u2019\u0131n Didim il\u00e7esinde Ramazan ay\u0131ndaki kalabal\u0131\u011f\u0131 f\u0131rsat bilen ayakkab\u0131 h\u0131rs\u0131zlar\u0131, cami i\u00e7erisinde be\u011fendikleri ayakkab\u0131lar\u0131 se\u00e7ip \u00e7alarken, g\u00fcvenlik kameralar\u0131na yakaland\u0131. Didim Cumhuriyet Mahallesi\u2019nde yer alan Hay\u0131rseverler Camii\u2019nde bu kadar\u0131 da pes dedirten h\u0131rs\u0131zl\u0131k olay\u0131 ya\u015fand\u0131. Edinilen bilgiye g\u00f6re, Ramazan ay\u0131 dolay\u0131s\u0131yla Teravih namaz\u0131 i\u00e7in cemaat namaz\u0131 durdu\u011fu esnada camiinin ayakkab\u0131 konulan b\u00f6lgesine giren iki h\u0131rs\u0131z ayakkab\u0131&#8230;<\/p>\n","protected":false},"author":1,"featured_media":24303,"comment_status":"open","ping_status":"open","sticky":false,"template":"","format":"standard","meta":{"_crdt_document":"","footnotes":""},"categories":[5],"tags":[],"class_list":["post-24302","post","type-post","status-publish","format-standard","has-post-thumbnail","hentry","category-asayis"],"_links":{"self":[{"href":"https:\/\/www.egemtv.com\/index.php?rest_route=\/wp\/v2\/posts\/24302","targetHints":{"allow":["GET"]}}],"collection":[{"href":"https:\/\/www.egemtv.com\/index.php?rest_route=\/wp\/v2\/posts"}],"about":[{"href":"https:\/\/www.egemtv.com\/index.php?rest_route=\/wp\/v2\/types\/post"}],"author":[{"embeddable":true,"href":"https:\/\/www.egemtv.com\/index.php?rest_route=\/wp\/v2\/users\/1"}],"replies":[{"embeddable":true,"href":"https:\/\/www.egemtv.com\/index.php?rest_route=%2Fwp%2Fv2%2Fcomments&post=24302"}],"version-history":[{"count":1,"href":"https:\/\/www.egemtv.com\/index.php?rest_route=\/wp\/v2\/posts\/24302\/revisions"}],"predecessor-version":[{"id":24304,"href":"https:\/\/www.egemtv.com\/index.php?rest_route=\/wp\/v2\/posts\/24302\/revisions\/24304"}],"wp:featuredmedia":[{"embeddable":true,"href":"https:\/\/www.egemtv.com\/index.php?rest_route=\/wp\/v2\/media\/24303"}],"wp:attachment":[{"href":"https:\/\/www.egemtv.com\/index.php?rest_route=%2Fwp%2Fv2%2Fmedia&parent=24302"}],"wp:term":[{"taxonomy":"category","embeddable":true,"href":"https:\/\/www.egemtv.com\/index.php?rest_route=%2Fwp%2Fv2%2Fcategories&post=24302"},{"taxonomy":"post_tag","embeddable":true,"href":"https:\/\/www.egemtv.com\/index.php?rest_route=%2Fwp%2Fv2%2Ftags&post=24302"}],"curies":[{"name":"wp","href":"https:\/\/api.w.org\/{rel}","templated":true}]}}