{"id":24296,"date":"2025-03-06T14:09:37","date_gmt":"2025-03-06T11:09:37","guid":{"rendered":"https:\/\/www.egemtv.com\/?p=24296"},"modified":"2025-03-06T14:09:41","modified_gmt":"2025-03-06T11:09:41","slug":"yurtlarda-kalan-ogrencileri-yakindan-ilgilendiren-proje-gorusuldu","status":"publish","type":"post","link":"https:\/\/www.egemtv.com\/?p=24296","title":{"rendered":"Yurtlarda kalan \u00f6\u011frencileri yak\u0131ndan ilgilendiren proje g\u00f6r\u00fc\u015f\u00fcld\u00fc"},"content":{"rendered":"<p>Yurt Hizmetleri M\u00fcd\u00fcrl\u00fc\u011f\u00fc taraf\u0131ndan, yurt e\u011fitim sorumlular\u0131n\u0131n kat\u0131l\u0131m\u0131yla \u00f6nemli bir toplant\u0131 ger\u00e7ekle\u015ftirildi. Yurt Hizmetleri M\u00fcd\u00fcr\u00fc Mustafa Asan ba\u015fkanl\u0131\u011f\u0131nda d\u00fczenlenen toplant\u0131da, e\u011fitim faaliyetleri ve &#8220;Kom\u015fum Projesi&#8221; gibi \u00f6nemli konular ele al\u0131nd\u0131.<br \/>\n<br \/>Toplant\u0131ya yurtlarda g\u00f6rev yapan e\u011fitim sorumlular\u0131 kat\u0131l\u0131m sa\u011flad\u0131 ve y\u00fcr\u00fct\u00fclen \u00e7al\u0131\u015fmalarla ilgili kapsaml\u0131 de\u011ferlendirmelerde bulunuldu. Toplant\u0131n\u0131n ana g\u00fcndem maddelerinden biri, yurtlarda y\u00fcr\u00fct\u00fclen e\u011fitim faaliyetleri oldu. E\u011fitim sorumlular\u0131, \u00f6\u011frencilerin akademik ve sosyal geli\u015fimlerini desteklemek amac\u0131yla yap\u0131lan \u00e7al\u0131\u015fmalar hakk\u0131nda bilgi verdi. E\u011fitim programlar\u0131n\u0131n etkinli\u011fi, \u00f6\u011frencilerin ilgisi ve kat\u0131l\u0131m oranlar\u0131 gibi konular detayl\u0131 bir \u015fekilde analiz edildi. Asan, \u00f6\u011frencilere y\u00f6nelik e\u011fitim faaliyetlerinin art\u0131r\u0131lmas\u0131 ve daha nitelikli hale getirilmesi gerekti\u011fini vurgulad\u0131. \u00d6zellikle \u00f6\u011frencilere rehberlik edecek programlar\u0131n \u00f6nemine dikkat \u00e7eken Asan, e\u011fitim sorumlular\u0131n\u0131n bu s\u00fcre\u00e7te daha aktif rol almas\u0131n\u0131 istedi. Toplant\u0131da ayr\u0131ca, e\u011fitim programlar\u0131n\u0131n \u00e7e\u015fitlendirilmesi, \u00f6\u011frenci taleplerine daha iyi yan\u0131t verecek yeni i\u00e7eriklerin olu\u015fturulmas\u0131 ve e\u011fitimlerin daha verimli hale getirilmesi konular\u0131nda fikir al\u0131\u015fveri\u015finde bulunuldu.<\/p>\n<p>Kom\u015fum projesi ele al\u0131nd\u0131<br \/>\n<br \/>Toplant\u0131n\u0131n di\u011fer \u00f6nemli g\u00fcndem maddesi ise &#8220;Kom\u015fum Projesi&#8221; oldu. Projenin temel amac\u0131, yurtlarda kalan \u00f6\u011frenciler aras\u0131nda dayan\u0131\u015fmay\u0131 art\u0131rmak, sosyal uyumu g\u00fc\u00e7lendirmek ve ortak bir payla\u015f\u0131m k\u00fclt\u00fcr\u00fc olu\u015fturmak olarak belirlendi. Yurtlarda \u00f6\u011frencilerin birbirine destek olmas\u0131, birlikte vakit ge\u00e7irmesi ve sosyal ba\u011flar\u0131n g\u00fc\u00e7lendirilmesi i\u00e7in \u00e7e\u015fitli etkinlikler planland\u0131.<br \/>\n<br \/>E\u011fitim sorumlular\u0131, &#8220;Kom\u015fum Projesi&#8221; \u00e7er\u00e7evesinde y\u00fcr\u00fct\u00fclecek faaliyetler hakk\u0131nda bilgilendirildi ve projenin nas\u0131l uygulanaca\u011f\u0131 konusunda g\u00f6r\u00fc\u015f al\u0131\u015fveri\u015finde bulunuldu. Proje \u00e7er\u00e7evesinde, \u00f6\u011frencilere y\u00f6nelik grup etkinlikleri, ortak \u00e7al\u0131\u015fma alanlar\u0131 olu\u015fturulmas\u0131 ve k\u00fclt\u00fcrel faaliyetlerin art\u0131r\u0131lmas\u0131 gibi \u00f6neriler g\u00fcndeme geldi.<br \/>\n<br \/>Asan, bu projeyle birlikte \u00f6\u011frenciler aras\u0131nda daha g\u00fc\u00e7l\u00fc bir ba\u011f kurulaca\u011f\u0131n\u0131 ve sosyal izolasyonun \u00f6n\u00fcne ge\u00e7ilece\u011fini belirtti. Projenin ba\u015far\u0131l\u0131 bir \u015fekilde uygulanabilmesi i\u00e7in e\u011fitim sorumlular\u0131n\u0131n aktif kat\u0131l\u0131m\u0131 ve \u00f6\u011frencilere rehberlik etmesi gerekti\u011fini vurgulad\u0131.<br \/><\/p>\n","protected":false},"excerpt":{"rendered":"<p>Yurt Hizmetleri M\u00fcd\u00fcrl\u00fc\u011f\u00fc taraf\u0131ndan, yurt e\u011fitim sorumlular\u0131n\u0131n kat\u0131l\u0131m\u0131yla \u00f6nemli bir toplant\u0131 ger\u00e7ekle\u015ftirildi. Yurt Hizmetleri M\u00fcd\u00fcr\u00fc Mustafa Asan ba\u015fkanl\u0131\u011f\u0131nda d\u00fczenlenen toplant\u0131da, e\u011fitim faaliyetleri ve &#8220;Kom\u015fum Projesi&#8221; gibi \u00f6nemli konular ele al\u0131nd\u0131. Toplant\u0131ya yurtlarda g\u00f6rev yapan e\u011fitim sorumlular\u0131 kat\u0131l\u0131m sa\u011flad\u0131 ve y\u00fcr\u00fct\u00fclen \u00e7al\u0131\u015fmalarla ilgili kapsaml\u0131 de\u011ferlendirmelerde bulunuldu. Toplant\u0131n\u0131n ana g\u00fcndem maddelerinden biri, yurtlarda y\u00fcr\u00fct\u00fclen e\u011fitim faaliyetleri oldu&#8230;.<\/p>\n","protected":false},"author":1,"featured_media":24297,"comment_status":"open","ping_status":"open","sticky":false,"template":"","format":"standard","meta":{"_crdt_document":"","footnotes":""},"categories":[1],"tags":[],"class_list":["post-24296","post","type-post","status-publish","format-standard","has-post-thumbnail","hentry","category-guncel"],"_links":{"self":[{"href":"https:\/\/www.egemtv.com\/index.php?rest_route=\/wp\/v2\/posts\/24296","targetHints":{"allow":["GET"]}}],"collection":[{"href":"https:\/\/www.egemtv.com\/index.php?rest_route=\/wp\/v2\/posts"}],"about":[{"href":"https:\/\/www.egemtv.com\/index.php?rest_route=\/wp\/v2\/types\/post"}],"author":[{"embeddable":true,"href":"https:\/\/www.egemtv.com\/index.php?rest_route=\/wp\/v2\/users\/1"}],"replies":[{"embeddable":true,"href":"https:\/\/www.egemtv.com\/index.php?rest_route=%2Fwp%2Fv2%2Fcomments&post=24296"}],"version-history":[{"count":1,"href":"https:\/\/www.egemtv.com\/index.php?rest_route=\/wp\/v2\/posts\/24296\/revisions"}],"predecessor-version":[{"id":24298,"href":"https:\/\/www.egemtv.com\/index.php?rest_route=\/wp\/v2\/posts\/24296\/revisions\/24298"}],"wp:featuredmedia":[{"embeddable":true,"href":"https:\/\/www.egemtv.com\/index.php?rest_route=\/wp\/v2\/media\/24297"}],"wp:attachment":[{"href":"https:\/\/www.egemtv.com\/index.php?rest_route=%2Fwp%2Fv2%2Fmedia&parent=24296"}],"wp:term":[{"taxonomy":"category","embeddable":true,"href":"https:\/\/www.egemtv.com\/index.php?rest_route=%2Fwp%2Fv2%2Fcategories&post=24296"},{"taxonomy":"post_tag","embeddable":true,"href":"https:\/\/www.egemtv.com\/index.php?rest_route=%2Fwp%2Fv2%2Ftags&post=24296"}],"curies":[{"name":"wp","href":"https:\/\/api.w.org\/{rel}","templated":true}]}}