{"id":24293,"date":"2025-03-06T14:09:32","date_gmt":"2025-03-06T11:09:32","guid":{"rendered":"https:\/\/www.egemtv.com\/?p=24293"},"modified":"2025-03-06T14:09:37","modified_gmt":"2025-03-06T11:09:37","slug":"afyonkarahisarli-guresciden-buyuk-basari","status":"publish","type":"post","link":"https:\/\/www.egemtv.com\/?p=24293","title":{"rendered":"Afyonkarahisarl\u0131 g\u00fcre\u015f\u00e7iden b\u00fcy\u00fck ba\u015far\u0131"},"content":{"rendered":"<p>Isparta\u2019da d\u00fczenlenen Y\u0131ld\u0131z Erkekler Okul Sporlar\u0131 Serbest G\u00fcre\u015f Grup M\u00fcsabakalar\u0131nda Afyonkarahisar Sporcu E\u011fitim Merkezi \u00f6\u011frencisi S\u00fcleyman Enes Emrem b\u00fcy\u00fck bir ba\u015far\u0131ya imza att\u0131.<br \/>\n<br \/>Emrem, 48 kilogram kategorisinde rakiplerini geride b\u0131rakarak \u015fampiyon olmay\u0131 ba\u015fard\u0131.<br \/>\n<br \/>Ba\u015far\u0131l\u0131 g\u00fcre\u015f\u00e7i, 24-26 Mart tarihleri aras\u0131nda Ordu\u2019da d\u00fczenlenecek T\u00fcrkiye \u015eampiyonas\u0131\u2019nda Afyonkarahisar\u2019\u0131 temsil edecek. Yo\u011fun antrenman s\u00fcreci ve disiplinli \u00e7al\u0131\u015fmalar\u0131yla dikkat \u00e7eken Emrem, hedefinin T\u00fcrkiye \u015eampiyonu olmak oldu\u011funu belirtti. Afyonkarahisar Gen\u00e7lik ve Spor \u0130l M\u00fcd\u00fcr\u00fc \u0130smail Hakk\u0131 Kasapo\u011flu, \u015fampiyon sporcuyu ve antren\u00f6rlerini tebrik ederek \u015fu ifadeleri kulland\u0131:<br \/>\n<br \/>&#8220;Sporcu E\u011fitim Merkezimizde yeti\u015fen gen\u00e7 yeteneklerimizin b\u00f6ylesine \u00f6nemli ba\u015far\u0131lara imza atmas\u0131 bizleri mutlu ediyor. S\u00fcleyman Enes Emrem, g\u00f6sterdi\u011fi azim ve m\u00fccadele ruhuyla b\u00fcy\u00fck bir ba\u015far\u0131 elde etti. \u015eimdi \u00f6n\u00fcnde T\u00fcrkiye \u015eampiyonas\u0131 var ve bizler onun en iyi \u015fekilde haz\u0131rlanmas\u0131 i\u00e7in destek olmaya devam edece\u011fiz. T\u00fcm sporcular\u0131m\u0131za ba\u015far\u0131lar diliyorum.&#8221;<br \/><\/p>\n","protected":false},"excerpt":{"rendered":"<p>Isparta\u2019da d\u00fczenlenen Y\u0131ld\u0131z Erkekler Okul Sporlar\u0131 Serbest G\u00fcre\u015f Grup M\u00fcsabakalar\u0131nda Afyonkarahisar Sporcu E\u011fitim Merkezi \u00f6\u011frencisi S\u00fcleyman Enes Emrem b\u00fcy\u00fck bir ba\u015far\u0131ya imza att\u0131. Emrem, 48 kilogram kategorisinde rakiplerini geride b\u0131rakarak \u015fampiyon olmay\u0131 ba\u015fard\u0131. Ba\u015far\u0131l\u0131 g\u00fcre\u015f\u00e7i, 24-26 Mart tarihleri aras\u0131nda Ordu\u2019da d\u00fczenlenecek T\u00fcrkiye \u015eampiyonas\u0131\u2019nda Afyonkarahisar\u2019\u0131 temsil edecek. Yo\u011fun antrenman s\u00fcreci ve disiplinli \u00e7al\u0131\u015fmalar\u0131yla dikkat \u00e7eken Emrem,&#8230;<\/p>\n","protected":false},"author":1,"featured_media":24294,"comment_status":"open","ping_status":"open","sticky":false,"template":"","format":"standard","meta":{"_crdt_document":"","footnotes":""},"categories":[4],"tags":[],"class_list":["post-24293","post","type-post","status-publish","format-standard","has-post-thumbnail","hentry","category-spor"],"_links":{"self":[{"href":"https:\/\/www.egemtv.com\/index.php?rest_route=\/wp\/v2\/posts\/24293","targetHints":{"allow":["GET"]}}],"collection":[{"href":"https:\/\/www.egemtv.com\/index.php?rest_route=\/wp\/v2\/posts"}],"about":[{"href":"https:\/\/www.egemtv.com\/index.php?rest_route=\/wp\/v2\/types\/post"}],"author":[{"embeddable":true,"href":"https:\/\/www.egemtv.com\/index.php?rest_route=\/wp\/v2\/users\/1"}],"replies":[{"embeddable":true,"href":"https:\/\/www.egemtv.com\/index.php?rest_route=%2Fwp%2Fv2%2Fcomments&post=24293"}],"version-history":[{"count":1,"href":"https:\/\/www.egemtv.com\/index.php?rest_route=\/wp\/v2\/posts\/24293\/revisions"}],"predecessor-version":[{"id":24295,"href":"https:\/\/www.egemtv.com\/index.php?rest_route=\/wp\/v2\/posts\/24293\/revisions\/24295"}],"wp:featuredmedia":[{"embeddable":true,"href":"https:\/\/www.egemtv.com\/index.php?rest_route=\/wp\/v2\/media\/24294"}],"wp:attachment":[{"href":"https:\/\/www.egemtv.com\/index.php?rest_route=%2Fwp%2Fv2%2Fmedia&parent=24293"}],"wp:term":[{"taxonomy":"category","embeddable":true,"href":"https:\/\/www.egemtv.com\/index.php?rest_route=%2Fwp%2Fv2%2Fcategories&post=24293"},{"taxonomy":"post_tag","embeddable":true,"href":"https:\/\/www.egemtv.com\/index.php?rest_route=%2Fwp%2Fv2%2Ftags&post=24293"}],"curies":[{"name":"wp","href":"https:\/\/api.w.org\/{rel}","templated":true}]}}