{"id":24290,"date":"2025-03-06T13:48:58","date_gmt":"2025-03-06T10:48:58","guid":{"rendered":"https:\/\/www.egemtv.com\/?p=24290"},"modified":"2025-03-06T13:49:02","modified_gmt":"2025-03-06T10:49:02","slug":"nazillide-25-bin-tl-degerinde-internet-kablosunu-caldilar","status":"publish","type":"post","link":"https:\/\/www.egemtv.com\/?p=24290","title":{"rendered":"Nazilli\u2019de 25 bin TL de\u011ferinde internet kablosunu \u00e7ald\u0131lar"},"content":{"rendered":"<p>Ayd\u0131n\u2019\u0131n Nazilli il\u00e7esinde bir ileti\u015fim firmas\u0131na ait yakla\u015f\u0131k de\u011feri 25 bin TL olan internet kablosunu keserek \u00e7alan h\u0131rs\u0131zl\u0131k \u015f\u00fcphelisi jandarma ekipleri taraf\u0131ndan yakalanarak g\u00f6zalt\u0131na al\u0131nd\u0131.<\/p>\n<p>Olay, Gedikalt\u0131 Mahallesi\u2019nde ge\u00e7ti\u011fimiz g\u00fcnlerde meydana geldi. Edinilen bilgiye g\u00f6re, ileti\u015fim firmas\u0131na ait yakla\u015f\u0131k de\u011feri 25 bin TL olan internet kablosunun kesilerek \u00e7al\u0131nd\u0131. 112 Acil \u00c7a\u011fr\u0131 Merkezi\u2019ne yap\u0131lan ihbar \u00fczerine b\u00f6lgeye jandarma ekipleri sevk edildi. Nazilli \u0130l\u00e7e Jandarma Komutanl\u0131\u011f\u0131 taraf\u0131ndan yap\u0131lan detayl\u0131 ara\u015ft\u0131rma sonucu olay\u0131 h\u0131rs\u0131zl\u0131k su\u00e7undan 3 ayr\u0131 su\u00e7 kayd\u0131 bulunan O.\u00c7.\u2019nin ger\u00e7ekle\u015ftirdi\u011fi tespit edildi. O.\u00c7. Esenk\u00f6y Mahallesi\u2019nde ger\u00e7ekle\u015ftirilen operasyon ile yakalanarak g\u00f6zalt\u0131na al\u0131nd\u0131. Jandarmadaki i\u015flemlerin ard\u0131ndan adliyeye sevk edilen \u015f\u00fcpheli \u00e7\u0131kart\u0131ld\u0131\u011f\u0131 mahkemece tutuklanarak cezaevine g\u00f6nderildi.<br \/><\/p>\n","protected":false},"excerpt":{"rendered":"<p>Ayd\u0131n\u2019\u0131n Nazilli il\u00e7esinde bir ileti\u015fim firmas\u0131na ait yakla\u015f\u0131k de\u011feri 25 bin TL olan internet kablosunu keserek \u00e7alan h\u0131rs\u0131zl\u0131k \u015f\u00fcphelisi jandarma ekipleri taraf\u0131ndan yakalanarak g\u00f6zalt\u0131na al\u0131nd\u0131. Olay, Gedikalt\u0131 Mahallesi\u2019nde ge\u00e7ti\u011fimiz g\u00fcnlerde meydana geldi. Edinilen bilgiye g\u00f6re, ileti\u015fim firmas\u0131na ait yakla\u015f\u0131k de\u011feri 25 bin TL olan internet kablosunun kesilerek \u00e7al\u0131nd\u0131. 112 Acil \u00c7a\u011fr\u0131 Merkezi\u2019ne yap\u0131lan ihbar \u00fczerine&#8230;<\/p>\n","protected":false},"author":1,"featured_media":24291,"comment_status":"open","ping_status":"open","sticky":false,"template":"","format":"standard","meta":{"_crdt_document":"","footnotes":""},"categories":[5],"tags":[],"class_list":["post-24290","post","type-post","status-publish","format-standard","has-post-thumbnail","hentry","category-asayis"],"_links":{"self":[{"href":"https:\/\/www.egemtv.com\/index.php?rest_route=\/wp\/v2\/posts\/24290","targetHints":{"allow":["GET"]}}],"collection":[{"href":"https:\/\/www.egemtv.com\/index.php?rest_route=\/wp\/v2\/posts"}],"about":[{"href":"https:\/\/www.egemtv.com\/index.php?rest_route=\/wp\/v2\/types\/post"}],"author":[{"embeddable":true,"href":"https:\/\/www.egemtv.com\/index.php?rest_route=\/wp\/v2\/users\/1"}],"replies":[{"embeddable":true,"href":"https:\/\/www.egemtv.com\/index.php?rest_route=%2Fwp%2Fv2%2Fcomments&post=24290"}],"version-history":[{"count":1,"href":"https:\/\/www.egemtv.com\/index.php?rest_route=\/wp\/v2\/posts\/24290\/revisions"}],"predecessor-version":[{"id":24292,"href":"https:\/\/www.egemtv.com\/index.php?rest_route=\/wp\/v2\/posts\/24290\/revisions\/24292"}],"wp:featuredmedia":[{"embeddable":true,"href":"https:\/\/www.egemtv.com\/index.php?rest_route=\/wp\/v2\/media\/24291"}],"wp:attachment":[{"href":"https:\/\/www.egemtv.com\/index.php?rest_route=%2Fwp%2Fv2%2Fmedia&parent=24290"}],"wp:term":[{"taxonomy":"category","embeddable":true,"href":"https:\/\/www.egemtv.com\/index.php?rest_route=%2Fwp%2Fv2%2Fcategories&post=24290"},{"taxonomy":"post_tag","embeddable":true,"href":"https:\/\/www.egemtv.com\/index.php?rest_route=%2Fwp%2Fv2%2Ftags&post=24290"}],"curies":[{"name":"wp","href":"https:\/\/api.w.org\/{rel}","templated":true}]}}