{"id":24284,"date":"2025-03-06T13:27:44","date_gmt":"2025-03-06T10:27:44","guid":{"rendered":"https:\/\/www.egemtv.com\/?p=24284"},"modified":"2025-03-06T13:27:49","modified_gmt":"2025-03-06T10:27:49","slug":"egiad-gelecege-guclu-kadinlarla-yuruyor","status":"publish","type":"post","link":"https:\/\/www.egemtv.com\/?p=24284","title":{"rendered":"EG\u0130AD gelece\u011fe g\u00fc\u00e7l\u00fc kad\u0131nlarla y\u00fcr\u00fcyor"},"content":{"rendered":"<p>Kad\u0131nlar\u0131n giri\u015fimcilik ve i\u015f hayat\u0131nda daha aktif rol almas\u0131n\u0131 ve i\u015f g\u00fcc\u00fcne kat\u0131l\u0131m oranlar\u0131n\u0131n art\u0131r\u0131lmas\u0131n\u0131 \u00f6ncelikli hedeflerinden biri olarak g\u00f6ren Ege Gen\u00e7 \u0130\u015f \u0130nsanlar\u0131 Derne\u011fi (EG\u0130AD), \u00fcyesi olan i\u015f kad\u0131nlar\u0131n\u0131n ekonomide, giri\u015fimcilikte ve sosyal ya\u015famda hak ettikleri konuma ula\u015fmas\u0131n\u0131n gururunu ta\u015f\u0131yor.<br \/>\n<br \/>Kad\u0131nlar\u0131n hem demografik hem de sosyolojik bir olgu olarak toplumun yar\u0131s\u0131n\u0131 olu\u015fturdu\u011funa dikkat \u00e7eken EG\u0130AD Ba\u015fkan\u0131 Kaan \u00d6zhelvac\u0131, EG\u0130AD k\u00fclt\u00fcr\u00fc olarak bir zincirin g\u00fc\u00e7l\u00fc halkalar\u0131 gibi, ge\u00e7mi\u015ften bug\u00fcne kad\u0131nlar\u0131n her alanda g\u00fc\u00e7lenmesine destek olmay\u0131 ilke edindiklerini belirterek, &#8220;Kad\u0131n, toplumun en etkili, en y\u00f6nlendirici, en birle\u015ftirici ve en koruyucu unsurudur. Kad\u0131n\u0131n toplum i\u00e7inde ilerlemesi sosyal adaletin bir gereklili\u011fi olmakla birlikte yaln\u0131zca bir kad\u0131n sorunu de\u011fildir. Bu konu, s\u00fcrd\u00fcr\u00fclebilir, adil ve kalk\u0131nm\u0131\u015f bir toplum in\u015fa etmenin temel ta\u015f\u0131 olup, politik, sosyal, ekonomik ve k\u00fclt\u00fcrel ba\u015far\u0131n\u0131n da \u00f6n ko\u015fuludur. Demokratik ve ileri bir toplum i\u00e7in kad\u0131nlar\u0131n g\u00fc\u00e7lendirilmesi, etkinlik alanlar\u0131n\u0131n geni\u015fletilmesi; e\u011fitim, istihdam, sa\u011fl\u0131k, siyaset ve hukuk gibi alanlarda e\u015fit f\u0131rsat ve olanaklardan faydalanabilmeleri b\u00fcy\u00fck \u00f6nem ta\u015f\u0131maktad\u0131r&#8221; dedi.<\/p>\n<p>EG\u0130AD\u2019da kad\u0131n temsili art\u0131yor<br \/>\n<br \/>T\u00fcrkiye\u2019nin s\u00fcr\u00fcd\u00fclebilir kalk\u0131nma s\u00fcrecinde kad\u0131nlar\u0131n katk\u0131s\u0131n\u0131n kritik bir de\u011fer ta\u015f\u0131d\u0131\u011f\u0131na vurgu yapan \u00d6zhelvac\u0131, &#8220;Kad\u0131n giri\u015fimcili\u011fi, T\u00fcrkiye ekonomisinde \u00f6nemli bir yer tutmaktad\u0131r. EG\u0130AD olarak kad\u0131n giri\u015fimcili\u011fini g\u00fc\u00e7lendirmeye y\u00f6nelik \u00e7al\u0131\u015fmalar\u0131 te\u015fvik etmeyi temel bir ilke olarak benimsemekteyiz. Kad\u0131nlar\u0131n ekonomiye kat\u0131l\u0131m\u0131n\u0131n yan\u0131 s\u0131ra, kendilerini ifade edebilecekleri sivil toplum \u00f6rg\u00fctlerine duyduklar\u0131 ihtiya\u00e7 da yads\u0131namaz bir ger\u00e7ektir. Bu ba\u011flamda, EG\u0130AD, kad\u0131n \u00fcyelerinden g\u00fc\u00e7 alan ve onlar\u0131 destekleyen bir sivil toplum kurulu\u015fudur. D\u00f6nemimizde, EG\u0130AD Dan\u0131\u015fma Kurulu Ba\u015fkanl\u0131\u011f\u0131\u2019na ilk kez bir i\u015f kad\u0131n\u0131 se\u00e7ilmi\u015ftir. Ayr\u0131ca, 519 aktif \u00fcyemizin %30\u2019u, Y\u00f6netim Kurulu\u2019ndaki 27 \u00fcyenin y\u00fczde 30\u2019u, 6 komisyonda g\u00f6rev yapan 380 komisyon \u00fcyemizin y\u00fczde 30\u2019u; son d\u00f6nemde derne\u011fe kat\u0131lan 270 \u00fcyenin y\u00fczde 36\u2019s\u0131 kad\u0131nd\u0131r. Komisyon ba\u015fkanl\u0131klar\u0131nda ise bu oran y\u00fczde 50\u2019ye ula\u015fmaktad\u0131r. Derne\u011fimizin \u00f6nemli yap\u0131 ta\u015flar\u0131ndan olan komisyonlara ayr\u0131nt\u0131l\u0131 olarak bakt\u0131\u011f\u0131m\u0131zda; Sanayi ve S\u00fcrd\u00fcr\u00fclebilirlik Komisyonu \u00fcyelerinin y\u00fczde 60\u2019\u0131, Toplum Sanat ve Spor Komisyonu \u00fcyelerinin y\u00fczde 47\u2019si, Uluslararas\u0131 \u0130li\u015fkiler Komisyonu \u00fcyelerinin y\u00fczde 30\u2019u, \u0130\u015f Geli\u015ftirme ile Dijital D\u00f6n\u00fc\u015f\u00fcm &#8211; Teknoloji ve Giri\u015fimcilik Komisyonu \u00fcyelerinin y\u00fczde 25\u2019i, Sosyal \u0130li\u015fkiler Komisyonu \u00fcyelerinin y\u00fczde 22\u2019si kad\u0131nd\u0131r. Ayr\u0131ca, derne\u011fimizin Yar\u0131n Dergisi, Podcast ve Sosyal Medya \u00e7al\u0131\u015fmalar\u0131n\u0131 y\u00fcr\u00fcten Yay\u0131n \u0130cra Kurulu\u2019nun y\u00fczde 50\u2019si; EG\u0130AD Melekleri Yat\u0131r\u0131m A\u011f\u0131 \u0130cra Kurulu\u2019nun y\u00fczde 42\u2019si; EG\u0130AD \u0130dari Kadrosu\u2019nun ise y\u00fczde 67\u2019si kad\u0131nlardan olu\u015fmaktad\u0131r. Bu oranlar, EG\u0130AD ailesi olarak bizleri memnun etmekle birlikte, kad\u0131n temsilini daha da art\u0131rma y\u00f6n\u00fcnde bize ilham vermektedir. Kad\u0131nlar\u0131n toplumsal hayatta g\u00fc\u00e7lenmesi, bir \u00fclkenin geli\u015fmi\u015flik d\u00fczeyinin en \u00f6nemli g\u00f6stergelerinden biridir. \u0130stihdamdan sosyal hayata, giri\u015fimcilikten siyasal temsile kadar kad\u0131nlar\u0131n kat\u0131l\u0131m oran\u0131, yaln\u0131zca bir istatistik de\u011fil, ayn\u0131 zamanda gelece\u011fimizin \u015fekillenmesini belirleyen temel fakt\u00f6rlerden biridir. Kad\u0131n ve erkek e\u015fitli\u011fini i\u00e7selle\u015ftirmi\u015f ve bu do\u011frultuda somut ad\u0131mlar atm\u0131\u015f toplumlar, s\u00fcrd\u00fcr\u00fclebilir kalk\u0131nma, refah ve demokrasi alanlar\u0131nda rakiplerine k\u0131yasla bir ad\u0131m \u00f6nde ba\u015flamaktad\u0131r.&#8221; dedi.<\/p>\n<p>Kalk\u0131nman\u0131n anahtar\u0131 kad\u0131nlar<br \/>\n<br \/>\u00d6zhelvac\u0131, Ulu \u00d6nder Mustafa Kemal Atat\u00fcrk\u2019\u00fcn &#8220;Daha emin ve daha do\u011fru olarak y\u00fcr\u00fcyece\u011fimiz bir yol vard\u0131r: B\u00fcy\u00fck T\u00fcrk kad\u0131n\u0131n\u0131 \u00e7al\u0131\u015fmam\u0131za ortak k\u0131lmakt\u0131r.&#8221; s\u00f6z\u00fcn\u00fc al\u0131nt\u0131layarak \u015fu ifadeleri kulland\u0131: &#8220;Kad\u0131nlar giderek g\u00fc\u00e7lenmekte ve sivil toplum kurulu\u015flar\u0131 arac\u0131l\u0131\u011f\u0131yla hem ya\u015fad\u0131klar\u0131 \u00fclkelerde hem de k\u00fcresel \u00f6l\u00e7ekte etkili roller \u00fcstlenmektedir. Kad\u0131nlar\u0131n g\u00fc\u00e7lenmesi; onlar\u0131n e\u011fitime, sa\u011fl\u0131k hizmetlerine, ekonomik f\u0131rsatlara ve siyasi kat\u0131l\u0131ma eri\u015fimlerinin art\u0131r\u0131lmas\u0131yla m\u00fcmk\u00fcnd\u00fcr. Ayn\u0131 zamanda, toplumsal \u00f6nyarg\u0131lara kar\u015f\u0131 diren\u00e7 kazanmalar\u0131n\u0131 da sa\u011flar. Cinsiyet ayr\u0131mc\u0131l\u0131\u011f\u0131, her bireyin do\u011fu\u015ftan sahip oldu\u011fu temel insan haklar\u0131n\u0131n ihlalidir ve toplumlar\u0131n b\u00fct\u00fcnc\u00fcl kalk\u0131nmas\u0131n\u0131n \u00f6n\u00fcndeki en b\u00fcy\u00fck engellerden biridir. Biliyoruz ki, kad\u0131nlara e\u011fitimde ve istihdamda e\u015fit f\u0131rsatlar sa\u011fland\u0131\u011f\u0131nda ekonomik b\u00fcy\u00fcmeye ve kalk\u0131nmaya b\u00fcy\u00fck katk\u0131lar sunabilirler.&#8221;<\/p>\n<p>8 Mart: Bir sembol ve fark\u0131ndal\u0131k g\u00fcn\u00fc<br \/>\n<br \/>8 Mart D\u00fcnya Kad\u0131nlar G\u00fcn\u00fc\u2019n\u00fcn \u00f6nemli bir sembol oldu\u011funu ifade eden \u00d6zhelvac\u0131, &#8220;Bu \u00f6zel g\u00fcn, d\u00fcnyadaki t\u00fcm kad\u0131nlar\u0131n kar\u015f\u0131la\u015ft\u0131klar\u0131 engelleri a\u015fmalar\u0131 ve fark olu\u015fturmalar\u0131  ad\u0131na, t\u00fcm kurumlar\u0131n kendilerini g\u00f6zden ge\u00e7irdi\u011fi ve sorumluluklar\u0131n\u0131 hat\u0131rlad\u0131\u011f\u0131 anlaml\u0131 bir g\u00fcnd\u00fcr. Ayn\u0131 zamanda hepimize ilham veren k\u00fcresel bir hareketin de par\u00e7as\u0131d\u0131r. Kad\u0131nlar\u0131m\u0131z\u0131n e\u015fit haklara, daha iyi f\u0131rsatlara ve e\u015fit eri\u015fime sahip olmalar\u0131 i\u00e7in \u2018\u0130\u015f Hayat\u0131nda Kad\u0131n\u0131\u2019 desteklemeye devam ediyoruz.&#8221; diye konu\u015ftu.<br \/><\/p>\n","protected":false},"excerpt":{"rendered":"<p>Kad\u0131nlar\u0131n giri\u015fimcilik ve i\u015f hayat\u0131nda daha aktif rol almas\u0131n\u0131 ve i\u015f g\u00fcc\u00fcne kat\u0131l\u0131m oranlar\u0131n\u0131n art\u0131r\u0131lmas\u0131n\u0131 \u00f6ncelikli hedeflerinden biri olarak g\u00f6ren Ege Gen\u00e7 \u0130\u015f \u0130nsanlar\u0131 Derne\u011fi (EG\u0130AD), \u00fcyesi olan i\u015f kad\u0131nlar\u0131n\u0131n ekonomide, giri\u015fimcilikte ve sosyal ya\u015famda hak ettikleri konuma ula\u015fmas\u0131n\u0131n gururunu ta\u015f\u0131yor. Kad\u0131nlar\u0131n hem demografik hem de sosyolojik bir olgu olarak toplumun yar\u0131s\u0131n\u0131 olu\u015fturdu\u011funa dikkat \u00e7eken&#8230;<\/p>\n","protected":false},"author":1,"featured_media":24285,"comment_status":"open","ping_status":"open","sticky":false,"template":"","format":"standard","meta":{"_crdt_document":"","footnotes":""},"categories":[125],"tags":[],"class_list":["post-24284","post","type-post","status-publish","format-standard","has-post-thumbnail","hentry","category-ekonomi"],"_links":{"self":[{"href":"https:\/\/www.egemtv.com\/index.php?rest_route=\/wp\/v2\/posts\/24284","targetHints":{"allow":["GET"]}}],"collection":[{"href":"https:\/\/www.egemtv.com\/index.php?rest_route=\/wp\/v2\/posts"}],"about":[{"href":"https:\/\/www.egemtv.com\/index.php?rest_route=\/wp\/v2\/types\/post"}],"author":[{"embeddable":true,"href":"https:\/\/www.egemtv.com\/index.php?rest_route=\/wp\/v2\/users\/1"}],"replies":[{"embeddable":true,"href":"https:\/\/www.egemtv.com\/index.php?rest_route=%2Fwp%2Fv2%2Fcomments&post=24284"}],"version-history":[{"count":1,"href":"https:\/\/www.egemtv.com\/index.php?rest_route=\/wp\/v2\/posts\/24284\/revisions"}],"predecessor-version":[{"id":24286,"href":"https:\/\/www.egemtv.com\/index.php?rest_route=\/wp\/v2\/posts\/24284\/revisions\/24286"}],"wp:featuredmedia":[{"embeddable":true,"href":"https:\/\/www.egemtv.com\/index.php?rest_route=\/wp\/v2\/media\/24285"}],"wp:attachment":[{"href":"https:\/\/www.egemtv.com\/index.php?rest_route=%2Fwp%2Fv2%2Fmedia&parent=24284"}],"wp:term":[{"taxonomy":"category","embeddable":true,"href":"https:\/\/www.egemtv.com\/index.php?rest_route=%2Fwp%2Fv2%2Fcategories&post=24284"},{"taxonomy":"post_tag","embeddable":true,"href":"https:\/\/www.egemtv.com\/index.php?rest_route=%2Fwp%2Fv2%2Ftags&post=24284"}],"curies":[{"name":"wp","href":"https:\/\/api.w.org\/{rel}","templated":true}]}}