{"id":24272,"date":"2025-03-06T13:27:26","date_gmt":"2025-03-06T10:27:26","guid":{"rendered":"https:\/\/www.egemtv.com\/?p=24272"},"modified":"2025-03-06T13:27:30","modified_gmt":"2025-03-06T10:27:30","slug":"hisarcik-aihlde-deprem-tahliye-tatbikati","status":"publish","type":"post","link":"https:\/\/www.egemtv.com\/?p=24272","title":{"rendered":"Hisarc\u0131k A\u0130HL\u2019de deprem tahliye tatbikat\u0131"},"content":{"rendered":"<p>Hisarc\u0131k Anadolu \u0130mam Hatip Lisesinde afet fark\u0131ndal\u0131\u011f\u0131n\u0131 art\u0131rmak ve deprem an\u0131nda do\u011fru davran\u0131\u015f \u015feklini benimsetmek amac\u0131yla deprem tahliye tatbikat\u0131 d\u00fczenlendi.<br \/>\n<br \/>Tatbikat s\u0131ras\u0131nda \u00f6\u011frenciler, \u00f6\u011fretmenlerin ve okul y\u00f6netiminin y\u00f6nlendirmeleri do\u011frultusunda h\u0131zl\u0131 ve d\u00fczenli bir \u015fekilde belirlenen toplanma alanlar\u0131na ula\u015ft\u0131. Bu t\u00fcr tatbikatlar\u0131n olas\u0131 bir afet veya acil durumda b\u00fcy\u00fck \u00f6nem ta\u015f\u0131d\u0131\u011f\u0131n\u0131 vurgulayan Okul M\u00fcd\u00fcr\u00fc \u0130smail Ayd\u0131n, benzer tatbikatlar\u0131n d\u00fczenli olarak yap\u0131laca\u011f\u0131n\u0131 ve g\u00fcvenlik \u00f6nlemlerinin her zaman en \u00fcst seviyede tutulaca\u011f\u0131n\u0131 ifade etti.<br \/><\/p>\n","protected":false},"excerpt":{"rendered":"<p>Hisarc\u0131k Anadolu \u0130mam Hatip Lisesinde afet fark\u0131ndal\u0131\u011f\u0131n\u0131 art\u0131rmak ve deprem an\u0131nda do\u011fru davran\u0131\u015f \u015feklini benimsetmek amac\u0131yla deprem tahliye tatbikat\u0131 d\u00fczenlendi. Tatbikat s\u0131ras\u0131nda \u00f6\u011frenciler, \u00f6\u011fretmenlerin ve okul y\u00f6netiminin y\u00f6nlendirmeleri do\u011frultusunda h\u0131zl\u0131 ve d\u00fczenli bir \u015fekilde belirlenen toplanma alanlar\u0131na ula\u015ft\u0131. Bu t\u00fcr tatbikatlar\u0131n olas\u0131 bir afet veya acil durumda b\u00fcy\u00fck \u00f6nem ta\u015f\u0131d\u0131\u011f\u0131n\u0131 vurgulayan Okul M\u00fcd\u00fcr\u00fc \u0130smail Ayd\u0131n,&#8230;<\/p>\n","protected":false},"author":1,"featured_media":24273,"comment_status":"open","ping_status":"open","sticky":false,"template":"","format":"standard","meta":{"_crdt_document":"","footnotes":""},"categories":[1],"tags":[],"class_list":["post-24272","post","type-post","status-publish","format-standard","has-post-thumbnail","hentry","category-guncel"],"_links":{"self":[{"href":"https:\/\/www.egemtv.com\/index.php?rest_route=\/wp\/v2\/posts\/24272","targetHints":{"allow":["GET"]}}],"collection":[{"href":"https:\/\/www.egemtv.com\/index.php?rest_route=\/wp\/v2\/posts"}],"about":[{"href":"https:\/\/www.egemtv.com\/index.php?rest_route=\/wp\/v2\/types\/post"}],"author":[{"embeddable":true,"href":"https:\/\/www.egemtv.com\/index.php?rest_route=\/wp\/v2\/users\/1"}],"replies":[{"embeddable":true,"href":"https:\/\/www.egemtv.com\/index.php?rest_route=%2Fwp%2Fv2%2Fcomments&post=24272"}],"version-history":[{"count":1,"href":"https:\/\/www.egemtv.com\/index.php?rest_route=\/wp\/v2\/posts\/24272\/revisions"}],"predecessor-version":[{"id":24274,"href":"https:\/\/www.egemtv.com\/index.php?rest_route=\/wp\/v2\/posts\/24272\/revisions\/24274"}],"wp:featuredmedia":[{"embeddable":true,"href":"https:\/\/www.egemtv.com\/index.php?rest_route=\/wp\/v2\/media\/24273"}],"wp:attachment":[{"href":"https:\/\/www.egemtv.com\/index.php?rest_route=%2Fwp%2Fv2%2Fmedia&parent=24272"}],"wp:term":[{"taxonomy":"category","embeddable":true,"href":"https:\/\/www.egemtv.com\/index.php?rest_route=%2Fwp%2Fv2%2Fcategories&post=24272"},{"taxonomy":"post_tag","embeddable":true,"href":"https:\/\/www.egemtv.com\/index.php?rest_route=%2Fwp%2Fv2%2Ftags&post=24272"}],"curies":[{"name":"wp","href":"https:\/\/api.w.org\/{rel}","templated":true}]}}