{"id":24269,"date":"2025-03-06T13:27:22","date_gmt":"2025-03-06T10:27:22","guid":{"rendered":"https:\/\/www.egemtv.com\/?p=24269"},"modified":"2025-03-06T13:27:26","modified_gmt":"2025-03-06T10:27:26","slug":"ataturkun-ispartaya-gelisinin-95inci-yil-donumu-kutlandi","status":"publish","type":"post","link":"https:\/\/www.egemtv.com\/?p=24269","title":{"rendered":"Atat\u00fcrk\u2019\u00fcn Isparta\u2019ya geli\u015finin 95\u2019inci y\u0131l d\u00f6n\u00fcm\u00fc kutland\u0131"},"content":{"rendered":"<p>Ulu \u00f6nder Mustafa Kemal Atat\u00fcrk\u2019\u00fcn yurt gezileri \u00e7er\u00e7evesinde Isparta\u2019ya geli\u015finin 95\u2019inci y\u0131l d\u00f6n\u00fcm\u00fc t\u00f6renle kutland\u0131.<br \/>\n<br \/>T\u00f6ren \u015eehit Ahmet Hilmi Yi\u011fit Mesleki ve Teknik Anadolu Lisesi \u00f6n\u00fcnde kortej y\u00fcr\u00fcy\u00fc\u015f\u00fcyle ba\u015flad\u0131. Kortej y\u00fcr\u00fcy\u00fc\u015f\u00fc, 6 Mart Caddesi\u2019nden ge\u00e7ilerek 15 Temmuz Cumhuriyet ve Demokrasi Meydan\u0131\u2019nda sona erdi. Ard\u0131ndan Isparta Valisi Abdullah Erin, \u0130l Garnizon Komutan\u0131 K\u0131demli Albay Merdin K\u0131\u015fan ve Belediye Ba\u015fkan\u0131 \u015e\u00fckr\u00fc Ba\u015fde\u011firmen taraf\u0131ndan Atat\u00fcrk An\u0131t\u0131\u2019na \u00e7elenk sunuldu. Sayg\u0131 duru\u015fu ve \u0130stiklal Mar\u015f\u0131\u2019n\u0131n okunmas\u0131n\u0131n ard\u0131ndan Belediye Ba\u015fkan\u0131 \u015e\u00fckr\u00fc Ba\u015fde\u011firmen g\u00fcn\u00fcn anlam ve \u00f6nemini dair bir konu\u015fma yapt\u0131.<\/p>\n<p>&#8220;Millete efendilik yoktur, hizmet vard\u0131r&#8221;<br \/>\n<br \/>Ba\u015fkan Ba\u015fde\u011firmen, Atat\u00fcrk\u2019\u00fcn Isparta\u2019ya geli\u015finin tarihi bir an oldu\u011funu belirterek, &#8220;Cumhuriyetimizin kurucusu, ba\u011f\u0131ms\u0131zl\u0131\u011f\u0131m\u0131z\u0131n sembol\u00fc Ulu \u00d6nder Mustafa Kemal Atat\u00fcrk\u2019\u00fcn Isparta\u2019ya te\u015friflerinin 95\u2019nci y\u0131l d\u00f6n\u00fcm\u00fcn\u00fc b\u00fcy\u00fck bir onur ve gururla kutluyoruz. 6 Mart 1930, T\u00fcrk milletinin ba\u011f\u0131ms\u0131zl\u0131k m\u00fccadelesinin simgelerinden biri olup, yaln\u0131zca Isparta i\u00e7in de\u011fil, t\u00fcm T\u00fcrkiye i\u00e7in de tarihi bir and\u0131r. Atat\u00fcrk\u2019\u00fcn, milletimizin ba\u011f\u0131ms\u0131zl\u0131k m\u00fccadelesinin en \u00f6nemli lideri olarak Isparta\u2019ya ad\u0131m at\u0131\u015f\u0131, Cumhuriyetimizin temellerinin daha da g\u00fc\u00e7lenmesine katk\u0131 sa\u011flayan bir d\u00f6n\u00fcm noktas\u0131 olmu\u015ftur. Gazi Mustafa Kemal Atat\u00fcrk, Isparta\u2019da yaln\u0131zca halk\u0131 selamlamakla kalmam\u0131\u015f, ayn\u0131 zamanda ulusal egemenlik, \u00f6zg\u00fcrl\u00fck ve ba\u011f\u0131ms\u0131zl\u0131k gibi y\u00fcce de\u011ferlerin tohumlar\u0131n\u0131 bir kez daha bu \u015fehre ekmi\u015ftir. Ispartal\u0131lar, Atat\u00fcrk\u2019\u00fcn \u00f6nderli\u011finde \u00e7a\u011fda\u015fl\u0131k ve medeniyet yolunda g\u00fc\u00e7l\u00fc ad\u0131mlar atmak i\u00e7in el birli\u011fiyle \u00e7al\u0131\u015fmaya s\u00f6z vermi\u015ftir. Atat\u00fcrk\u2019\u00fcn Isparta\u2019ya geli\u015fi, bir liderin halk\u0131na olan sevgisini ve halk\u0131n\u0131n ona duydu\u011fu inanc\u0131 simgeleyen tarihi bir and\u0131r. O g\u00fcn, t\u00fcm Ispartal\u0131lar atas\u0131n\u0131 ba\u011fr\u0131na basm\u0131\u015f ve Cumhuriyetimizin temellerini g\u00fc\u00e7lendiren bu \u00f6zel ziyareti bir bayram olarak kabul etmi\u015ftir. Bizler, Gazi Mustafa Kemal Atat\u00fcrk\u2019\u00fcn &#8220;Millete efendilik yoktur, hizmet vard\u0131r&#8221; s\u00f6z\u00fcn\u00fc hi\u00e7bir zaman akl\u0131m\u0131zdan \u00e7\u0131karmad\u0131k. Her ge\u00e7en g\u00fcn milletimizin daha g\u00fc\u00e7l\u00fc bir gelece\u011fe do\u011fru ad\u0131m atmas\u0131n\u0131 sa\u011flamak i\u00e7in var g\u00fcc\u00fcm\u00fczle \u00e7al\u0131\u015fmaya devam edece\u011fiz&#8221; dedi.<br \/>\n<br \/>T\u00f6rene, Isparta Valisi Abdullah Erin, Belediye Ba\u015fkan\u0131 \u015e\u00fckr\u00fc Ba\u015fde\u011firmen, \u0130l Garnizon Komutan\u0131 K\u0131demli Albay Merdin K\u0131\u015fan, sivil toplum kurulu\u015flar\u0131 temsilcileri ve \u00e7ok say\u0131da vatanda\u015f kat\u0131ld\u0131.<br \/><\/p>\n","protected":false},"excerpt":{"rendered":"<p>Ulu \u00f6nder Mustafa Kemal Atat\u00fcrk\u2019\u00fcn yurt gezileri \u00e7er\u00e7evesinde Isparta\u2019ya geli\u015finin 95\u2019inci y\u0131l d\u00f6n\u00fcm\u00fc t\u00f6renle kutland\u0131. T\u00f6ren \u015eehit Ahmet Hilmi Yi\u011fit Mesleki ve Teknik Anadolu Lisesi \u00f6n\u00fcnde kortej y\u00fcr\u00fcy\u00fc\u015f\u00fcyle ba\u015flad\u0131. Kortej y\u00fcr\u00fcy\u00fc\u015f\u00fc, 6 Mart Caddesi\u2019nden ge\u00e7ilerek 15 Temmuz Cumhuriyet ve Demokrasi Meydan\u0131\u2019nda sona erdi. Ard\u0131ndan Isparta Valisi Abdullah Erin, \u0130l Garnizon Komutan\u0131 K\u0131demli Albay Merdin K\u0131\u015fan&#8230;<\/p>\n","protected":false},"author":1,"featured_media":24270,"comment_status":"open","ping_status":"open","sticky":false,"template":"","format":"standard","meta":{"_crdt_document":"","footnotes":""},"categories":[1],"tags":[],"class_list":["post-24269","post","type-post","status-publish","format-standard","has-post-thumbnail","hentry","category-guncel"],"_links":{"self":[{"href":"https:\/\/www.egemtv.com\/index.php?rest_route=\/wp\/v2\/posts\/24269","targetHints":{"allow":["GET"]}}],"collection":[{"href":"https:\/\/www.egemtv.com\/index.php?rest_route=\/wp\/v2\/posts"}],"about":[{"href":"https:\/\/www.egemtv.com\/index.php?rest_route=\/wp\/v2\/types\/post"}],"author":[{"embeddable":true,"href":"https:\/\/www.egemtv.com\/index.php?rest_route=\/wp\/v2\/users\/1"}],"replies":[{"embeddable":true,"href":"https:\/\/www.egemtv.com\/index.php?rest_route=%2Fwp%2Fv2%2Fcomments&post=24269"}],"version-history":[{"count":1,"href":"https:\/\/www.egemtv.com\/index.php?rest_route=\/wp\/v2\/posts\/24269\/revisions"}],"predecessor-version":[{"id":24271,"href":"https:\/\/www.egemtv.com\/index.php?rest_route=\/wp\/v2\/posts\/24269\/revisions\/24271"}],"wp:featuredmedia":[{"embeddable":true,"href":"https:\/\/www.egemtv.com\/index.php?rest_route=\/wp\/v2\/media\/24270"}],"wp:attachment":[{"href":"https:\/\/www.egemtv.com\/index.php?rest_route=%2Fwp%2Fv2%2Fmedia&parent=24269"}],"wp:term":[{"taxonomy":"category","embeddable":true,"href":"https:\/\/www.egemtv.com\/index.php?rest_route=%2Fwp%2Fv2%2Fcategories&post=24269"},{"taxonomy":"post_tag","embeddable":true,"href":"https:\/\/www.egemtv.com\/index.php?rest_route=%2Fwp%2Fv2%2Ftags&post=24269"}],"curies":[{"name":"wp","href":"https:\/\/api.w.org\/{rel}","templated":true}]}}