{"id":24266,"date":"2025-03-06T13:06:48","date_gmt":"2025-03-06T10:06:48","guid":{"rendered":"https:\/\/www.egemtv.com\/?p=24266"},"modified":"2025-03-06T13:06:52","modified_gmt":"2025-03-06T10:06:52","slug":"baskan-kepenekten-honazli-ureticilere-su-ve-yem-mujdesi","status":"publish","type":"post","link":"https:\/\/www.egemtv.com\/?p=24266","title":{"rendered":"Ba\u015fkan Kepenek\u2019ten Honazl\u0131 \u00fcreticilere su ve yem m\u00fcjdesi"},"content":{"rendered":"<p>DEN\u0130ZL\u0130 (\u0130HA) \u2013 Honazl\u0131 \u00fcreticilere Denizli B\u00fcy\u00fck\u015fehir Belediyesi taraf\u0131ndan temin edilen yemleri teslim eden Belediye Ba\u015fkan\u0131 Y\u00fcksel Kepenek, yeni bir sulama suyu kayna\u011f\u0131na kavu\u015ftuklar\u0131n\u0131 m\u00fcjdeledi.<\/p>\n<p>Honaz Belediye Ba\u015fkan\u0131 Y\u00fcksel Kepenek, Denizli B\u00fcy\u00fck\u015fehir Belediyesi taraf\u0131ndan temin edilen yemleri, il\u00e7e merkezinde ger\u00e7ekle\u015ftirilen t\u00f6renle \u00fcreticilere teslim etti. Ba\u015fkan Kepenek, &#8220;Denizli B\u00fcy\u00fck\u015fehir Belediyemizin \u2018Derman Belediyecilik\u2019 projeleri kapsam\u0131nda il\u00e7emizdeki yeti\u015ftiricilerimize destek olmas\u0131 amac\u0131 ile ula\u015ft\u0131rd\u0131\u011f\u0131 yemleri \u00fcreticilerimize da\u011f\u0131tt\u0131k. Honaz ve Kocaba\u015f\u2019ta hem\u015fehrilerimize yem deste\u011finde bulunan B\u00fcy\u00fck\u015fehir Belediye Ba\u015fkan\u0131m\u0131z B\u00fclent Nuri \u00c7avu\u015fo\u011flu ve ekibine te\u015fekk\u00fcr ediyorum. Birlikte \u00e7al\u0131\u015ft\u0131k\u00e7a g\u00fc\u00e7l\u00fcy\u00fcz&#8221; dedi.<\/p>\n<p>Yeni bir tar\u0131msal sulama suyu kayna\u011f\u0131n\u0131n tespit edildi\u011fi sondaj \u00e7al\u0131\u015fmalar\u0131n\u0131 yerinde inceleyen Ba\u015fkan Kepenek, &#8220;Honaz Belediyemizin Ba\u011faras\u0131 mevkii 5. etap sondaj \u00e7al\u0131\u015fmam\u0131zda mutlu sona ula\u015ft\u0131k, suyumuza kavu\u015ftuk. Tar\u0131msal sulamada kullanaca\u011f\u0131m\u0131z suyumuz \u00fcreticilerimizin y\u00fcz\u00fcn\u00fc g\u00fcld\u00fcrecek, memleketimizin bereketine bereket katacak. Honaz\u2019\u0131m\u0131za hay\u0131rl\u0131 olsun&#8221; diye konu\u015ftu.<br \/><\/p>\n","protected":false},"excerpt":{"rendered":"<p>DEN\u0130ZL\u0130 (\u0130HA) \u2013 Honazl\u0131 \u00fcreticilere Denizli B\u00fcy\u00fck\u015fehir Belediyesi taraf\u0131ndan temin edilen yemleri teslim eden Belediye Ba\u015fkan\u0131 Y\u00fcksel Kepenek, yeni bir sulama suyu kayna\u011f\u0131na kavu\u015ftuklar\u0131n\u0131 m\u00fcjdeledi. Honaz Belediye Ba\u015fkan\u0131 Y\u00fcksel Kepenek, Denizli B\u00fcy\u00fck\u015fehir Belediyesi taraf\u0131ndan temin edilen yemleri, il\u00e7e merkezinde ger\u00e7ekle\u015ftirilen t\u00f6renle \u00fcreticilere teslim etti. Ba\u015fkan Kepenek, &#8220;Denizli B\u00fcy\u00fck\u015fehir Belediyemizin \u2018Derman Belediyecilik\u2019 projeleri kapsam\u0131nda il\u00e7emizdeki yeti\u015ftiricilerimize&#8230;<\/p>\n","protected":false},"author":1,"featured_media":24267,"comment_status":"open","ping_status":"open","sticky":false,"template":"","format":"standard","meta":{"_crdt_document":"","footnotes":""},"categories":[125],"tags":[],"class_list":["post-24266","post","type-post","status-publish","format-standard","has-post-thumbnail","hentry","category-ekonomi"],"_links":{"self":[{"href":"https:\/\/www.egemtv.com\/index.php?rest_route=\/wp\/v2\/posts\/24266","targetHints":{"allow":["GET"]}}],"collection":[{"href":"https:\/\/www.egemtv.com\/index.php?rest_route=\/wp\/v2\/posts"}],"about":[{"href":"https:\/\/www.egemtv.com\/index.php?rest_route=\/wp\/v2\/types\/post"}],"author":[{"embeddable":true,"href":"https:\/\/www.egemtv.com\/index.php?rest_route=\/wp\/v2\/users\/1"}],"replies":[{"embeddable":true,"href":"https:\/\/www.egemtv.com\/index.php?rest_route=%2Fwp%2Fv2%2Fcomments&post=24266"}],"version-history":[{"count":1,"href":"https:\/\/www.egemtv.com\/index.php?rest_route=\/wp\/v2\/posts\/24266\/revisions"}],"predecessor-version":[{"id":24268,"href":"https:\/\/www.egemtv.com\/index.php?rest_route=\/wp\/v2\/posts\/24266\/revisions\/24268"}],"wp:featuredmedia":[{"embeddable":true,"href":"https:\/\/www.egemtv.com\/index.php?rest_route=\/wp\/v2\/media\/24267"}],"wp:attachment":[{"href":"https:\/\/www.egemtv.com\/index.php?rest_route=%2Fwp%2Fv2%2Fmedia&parent=24266"}],"wp:term":[{"taxonomy":"category","embeddable":true,"href":"https:\/\/www.egemtv.com\/index.php?rest_route=%2Fwp%2Fv2%2Fcategories&post=24266"},{"taxonomy":"post_tag","embeddable":true,"href":"https:\/\/www.egemtv.com\/index.php?rest_route=%2Fwp%2Fv2%2Ftags&post=24266"}],"curies":[{"name":"wp","href":"https:\/\/api.w.org\/{rel}","templated":true}]}}