{"id":24263,"date":"2025-03-06T13:06:43","date_gmt":"2025-03-06T10:06:43","guid":{"rendered":"https:\/\/www.egemtv.com\/?p=24263"},"modified":"2025-03-06T13:06:48","modified_gmt":"2025-03-06T10:06:48","slug":"issizligi-azaltacak-cazip-tesvik","status":"publish","type":"post","link":"https:\/\/www.egemtv.com\/?p=24263","title":{"rendered":"\u0130\u015fsizli\u011fi azaltacak cazip te\u015fvik"},"content":{"rendered":"<p>Ankara, \u0130zmir ve Manisa SGK Eski \u0130l M\u00fcd\u00fcr\u00fc Yavuz Kurt, asgari \u00fccret \u00fczerinden tahakkuk eden i\u015f\u00e7i ve i\u015fveren sigorta primlerinin y\u00fczde 33,5\u2019ine tekab\u00fcl eden oranda prim te\u015fvikinin sa\u011fland\u0131\u011f\u0131n\u0131 ifade etti.<br \/>\n<br \/>Ankara, \u0130zmir ve Manisa SGK Eski \u0130l M\u00fcd\u00fcr\u00fc, Final Dan\u0131\u015fmanl\u0131k Kurucu Orta\u011f\u0131 Yavuz Kurt, &#8220;\u00c7al\u0131\u015fanlar\u0131n i\u015fini kaybetmesi sonras\u0131nda gelir kayb\u0131n\u0131n belirli s\u00fcre ve \u00f6l\u00e7\u00fclerde kar\u015f\u0131lanmas\u0131, yeni i\u015f bulma s\u00fcrecinde hayat\u0131n\u0131 idame ettirecek asgari bir geliri olmas\u0131 amac\u0131yla i\u015fsizlik \u00f6dene\u011fi uygulamas\u0131 26 y\u0131l \u00f6nce hayata ge\u00e7irilmi\u015ftir.&#8221; dedi.<br \/>\n<br \/>\u0130\u015fsizlik \u00f6dene\u011finden, i\u015ften ayr\u0131l\u0131\u015f tarihinden \u00f6nceki son 3 y\u0131l i\u00e7erisinde belli bir s\u00fcre sigortal\u0131 \u00e7al\u0131\u015fan ve i\u015fsizlik sigortas\u0131 primi \u00f6denmi\u015f sigortal\u0131lar\u0131n gerekli \u015fartlar\u0131 sa\u011flamalar\u0131 halinde en az 6 ay en fazla 10 ay s\u00fcreyle faydaland\u0131klar\u0131n\u0131 belirten Kurt, i\u015fsizlik \u00f6dene\u011fi alanlara \u0130\u015eKUR taraf\u0131ndan ayr\u0131ca; genel sa\u011fl\u0131k sigortas\u0131 primlerinin \u00f6denmesi, yeni bir i\u015f bulma, meslek geli\u015ftirme, edindirme ve yeti\u015ftirme e\u011fitimi verilmesi gibi hizmetlerin sa\u011fland\u0131\u011f\u0131n\u0131 belirtti.<\/p>\n<p>\u00c7al\u0131\u015fma hayat\u0131nda devaml\u0131l\u0131\u011f\u0131n sa\u011flanmas\u0131<br \/>\n<br \/>\u00c7al\u0131\u015fma hayat\u0131nda devaml\u0131l\u0131\u011f\u0131n esas oldu\u011funu ve bu nedenle gerek \u00e7al\u0131\u015fanlar gerekse i\u015fverenler a\u00e7\u0131s\u0131ndan bu devaml\u0131l\u0131\u011f\u0131n sa\u011flanmas\u0131 ad\u0131na \u00e7e\u015fitli te\u015fvikler \u00e7\u0131kar\u0131ld\u0131\u011f\u0131n\u0131 belirten Kurt, &#8220;\u0130stihdam te\u015fvikleri ile genel olarak i\u015fverenin i\u015f\u00e7ilik maliyetlerinin hafifletilerek i\u015fsizli\u011fin azalt\u0131lmas\u0131 ama\u00e7lanmaktad\u0131r. \u00c7al\u0131\u015fma hayat\u0131nda yer alan ve bir nedenle i\u015fini kaybederek i\u015fsizlik \u00f6dene\u011fi alan sigortal\u0131lar\u0131n yeniden \u00e7al\u0131\u015fma hayat\u0131na dahil olmalar\u0131n\u0131 kolayla\u015ft\u0131rmak ad\u0131na da i\u015fsizlik \u00f6dene\u011fi te\u015fviki hayata ge\u00e7irilmi\u015ftir&#8221; dedi.<\/p>\n<p>\u0130\u015fsizlik \u00d6dene\u011fi Te\u015fvikinden Nas\u0131l Yararlan\u0131l\u0131yor?<br \/>\n<br \/>Yavuz Kurt, 2009 y\u0131l\u0131nda hayata ge\u00e7irilen ve di\u011fer te\u015fviklere nazaran bilinirlili\u011fi daha az olan bu te\u015fvikin, i\u015finden ayr\u0131lmak zorunda kalan ve i\u015fsizlik \u00f6dene\u011fi almaya hak kazananlar\u0131n yeniden \u00e7al\u0131\u015fma hayat\u0131na dahil edilebilmesi ve yeni bir ba\u015flang\u0131\u00e7 yapabilmeleri ad\u0131na \u00f6nemli oldu\u011funu belirterek, &#8220;An\u0131lan bu te\u015fvikten yararlan\u0131labilmesi i\u00e7in, sigortal\u0131n\u0131n i\u015fe al\u0131nd\u0131\u011f\u0131 tarihten \u00f6nceki alt\u0131 ayl\u0131k d\u00f6nemde ayl\u0131k prim ve hizmet belgelerinde bildirilen ortalama sigortal\u0131 say\u0131s\u0131na ilave olarak i\u015fe al\u0131nm\u0131\u015f olmas\u0131, i\u015fsizlik \u00f6dene\u011fi almakta olan sigortal\u0131n\u0131n i\u015fsizlik \u00f6dene\u011fi almaya hak kazanmadan \u00f6nce son \u00e7al\u0131\u015ft\u0131\u011f\u0131 i\u015fyeri haricinde bir i\u015fyeri olmas\u0131, SGK prim belgelerinin yasal s\u00fcresi i\u00e7erisinde verilmesi ve primlerin yasal s\u00fcresi i\u00e7erisinde \u00f6denmesi, \u0130\u015fyerinin 5335 say\u0131l\u0131 Kanunun 30\u2019uncu maddesi kapsam\u0131nda olmamas\u0131 ile 4734 say\u0131l\u0131 Kamu \u0130hale Kanunu ve bu Kanundan istisna olan al\u0131mlar ile uluslararas\u0131 anla\u015fma h\u00fck\u00fcmlerine istinaden yap\u0131lan hizmet al\u0131mlar\u0131 ve yap\u0131m i\u015flerini y\u00fcr\u00fcten i\u015f yeri olmamas\u0131, \u015fartlar\u0131n\u0131n sa\u011flanmas\u0131 gerekir&#8221; dedi.<\/p>\n<p>\u0130\u015fsizlik \u00f6dene\u011fi te\u015fviki i\u015fverenin prim maliyetini d\u00fc\u015f\u00fcyor<br \/>\n<br \/>Asgari \u00fccret \u00fczerinden tahakkuk eden i\u015f\u00e7i ve i\u015fveren sigorta primlerinin y\u00fczde 33,5\u2019ine tekab\u00fcl eden oranda prim te\u015fvikinin sa\u011fland\u0131\u011f\u0131n\u0131 ifade eden Yavuz Kurt; &#8220;2025 y\u0131l\u0131nda asgari \u00fccretli bir \u00e7al\u0131\u015fan\u0131n prim tutar\u0131, i\u015fsizlik sigortas\u0131 primi dahil te\u015fviksiz 9 bin 817,08 TL\u2019dir. Oysa ilgili te\u015fvikten faydalanan i\u015fveren \u015fartlar\u0131 sa\u011flayan her bir \u00e7al\u0131\u015fan\u0131 i\u00e7in yaln\u0131zca 1.105,23 TL prim \u00f6demekte olup kalan 8 bin 711,85 TL Hazinece kar\u015f\u0131lanmaktad\u0131r.&#8221; dedi.<\/p>\n<p>\u0130lgili te\u015fvikten faydalanmak i\u00e7in nas\u0131l ba\u015fvuru yap\u0131l\u0131r?<br \/>\n<br \/>\u0130lgili te\u015fvikten faydalanmak i\u00e7in gerek sosyal G\u00fcvenlik Kurumuna gerekse ba\u015fka bir Kuruma herhangi bir ba\u015fvuru yap\u0131lmas\u0131na gerek olmad\u0131\u011f\u0131n\u0131 belirten Kurt, &#8220;Te\u015fvik kapsam\u0131na giren sigortal\u0131lar\u0131n www.sgk.gov.tr web adresi \u00fczerinden \u2019e-SGK\/\u0130\u015fveren\/\u0130\u015fveren Sistemi\/\u0130\u015fveren\/Te\u015fvikler ve Tan\u0131mlar\/Te\u015fvikten Faydalan\u0131lacak Sigortal\u0131 Tan\u0131mlama\u2019 men\u00fcleri se\u00e7ilerek 15921 te\u015fviki i\u00e7in tan\u0131mlama i\u015flemi yap\u0131lmas\u0131 gerekmektedir. Bu \u015fekilde tan\u0131mlanan \u00e7al\u0131\u015fanlar i\u00e7in i\u015fsizlik sigortas\u0131 \u00f6dene\u011finin kalan s\u00fcresi i\u00e7in en az 6 ay en \u00e7ok 10 ay s\u00fcre ile bu te\u015fvikten faydalan\u0131labilecektir.&#8221; dedi.<br \/><\/p>\n","protected":false},"excerpt":{"rendered":"<p>Ankara, \u0130zmir ve Manisa SGK Eski \u0130l M\u00fcd\u00fcr\u00fc Yavuz Kurt, asgari \u00fccret \u00fczerinden tahakkuk eden i\u015f\u00e7i ve i\u015fveren sigorta primlerinin y\u00fczde 33,5\u2019ine tekab\u00fcl eden oranda prim te\u015fvikinin sa\u011fland\u0131\u011f\u0131n\u0131 ifade etti. Ankara, \u0130zmir ve Manisa SGK Eski \u0130l M\u00fcd\u00fcr\u00fc, Final Dan\u0131\u015fmanl\u0131k Kurucu Orta\u011f\u0131 Yavuz Kurt, &#8220;\u00c7al\u0131\u015fanlar\u0131n i\u015fini kaybetmesi sonras\u0131nda gelir kayb\u0131n\u0131n belirli s\u00fcre ve \u00f6l\u00e7\u00fclerde kar\u015f\u0131lanmas\u0131,&#8230;<\/p>\n","protected":false},"author":1,"featured_media":24264,"comment_status":"open","ping_status":"open","sticky":false,"template":"","format":"standard","meta":{"_crdt_document":"","footnotes":""},"categories":[125],"tags":[],"class_list":["post-24263","post","type-post","status-publish","format-standard","has-post-thumbnail","hentry","category-ekonomi"],"_links":{"self":[{"href":"https:\/\/www.egemtv.com\/index.php?rest_route=\/wp\/v2\/posts\/24263","targetHints":{"allow":["GET"]}}],"collection":[{"href":"https:\/\/www.egemtv.com\/index.php?rest_route=\/wp\/v2\/posts"}],"about":[{"href":"https:\/\/www.egemtv.com\/index.php?rest_route=\/wp\/v2\/types\/post"}],"author":[{"embeddable":true,"href":"https:\/\/www.egemtv.com\/index.php?rest_route=\/wp\/v2\/users\/1"}],"replies":[{"embeddable":true,"href":"https:\/\/www.egemtv.com\/index.php?rest_route=%2Fwp%2Fv2%2Fcomments&post=24263"}],"version-history":[{"count":1,"href":"https:\/\/www.egemtv.com\/index.php?rest_route=\/wp\/v2\/posts\/24263\/revisions"}],"predecessor-version":[{"id":24265,"href":"https:\/\/www.egemtv.com\/index.php?rest_route=\/wp\/v2\/posts\/24263\/revisions\/24265"}],"wp:featuredmedia":[{"embeddable":true,"href":"https:\/\/www.egemtv.com\/index.php?rest_route=\/wp\/v2\/media\/24264"}],"wp:attachment":[{"href":"https:\/\/www.egemtv.com\/index.php?rest_route=%2Fwp%2Fv2%2Fmedia&parent=24263"}],"wp:term":[{"taxonomy":"category","embeddable":true,"href":"https:\/\/www.egemtv.com\/index.php?rest_route=%2Fwp%2Fv2%2Fcategories&post=24263"},{"taxonomy":"post_tag","embeddable":true,"href":"https:\/\/www.egemtv.com\/index.php?rest_route=%2Fwp%2Fv2%2Ftags&post=24263"}],"curies":[{"name":"wp","href":"https:\/\/api.w.org\/{rel}","templated":true}]}}