{"id":24260,"date":"2025-03-06T12:47:28","date_gmt":"2025-03-06T09:47:28","guid":{"rendered":"https:\/\/www.egemtv.com\/?p=24260"},"modified":"2025-03-06T12:47:33","modified_gmt":"2025-03-06T09:47:33","slug":"denizlispor-u19-liderligini-surdurmek-istiyor","status":"publish","type":"post","link":"https:\/\/www.egemtv.com\/?p=24260","title":{"rendered":"Denizlispor U19 liderli\u011fini s\u00fcrd\u00fcrmek istiyor"},"content":{"rendered":"<p>TFF U19 B\u00f6lgesel Geli\u015fim Ligi 3. Grup\u2019ta liderli\u011fini s\u00fcrd\u00fcren  Denizlispor U19 tak\u0131m\u0131, Bornova 1877 kar\u015f\u0131la\u015fmas\u0131ndan da galibiyetle ayr\u0131lmak istiyor.<br \/>\n<br \/>TFF U19 B\u00f6lgesel Geli\u015fim Ligi 3. Grup\u2019ta 19. hafta itibar\u0131yla 13 galibiyet, 2 beraberlik, 4 yenilgi alarak 41 puanla liderli\u011fini s\u00fcrd\u00fcren Denizlispor\u2019da g\u00f6zler 20. haftada Denizli\u2019de oynanacak olan Bornova 1877 ma\u00e7\u0131na \u00e7evrildi.<br \/>\n<br \/>M\u00fcsabakaya Zafer Katranc\u0131 tesislerinde yap\u0131lan \u00e7al\u0131\u015fmalarla devam eden ye\u015fil-siyahl\u0131larda moraller \u00fcst seviyede. Ligi ve Bornova 1877 ma\u00e7\u0131n\u0131 de\u011ferlendiren Teknik Sorumlu Muhsin Sezer, tak\u0131m olarak verimli \u00e7al\u0131\u015fmalar yapt\u0131klar\u0131n\u0131 belirterek, &#8220;B\u00fcy\u00fck \u00f6zveri ile \u00e7al\u0131\u015f\u0131yoruz. \u00c7ocuklar\u0131n hepsi b\u00fcy\u00fck \u00f6zveri g\u00f6steriyorlar. \u0130yi \u00e7al\u0131\u015f\u0131yoruz. Bununla birlikte de ma\u00e7lara iyi konsantre olmaya \u00e7al\u0131\u015f\u0131yoruz. Ama tabii ki de oynad\u0131\u011f\u0131m\u0131z rakipler bize de ayn\u0131 motivasyonla geldikleri i\u00e7in i\u015fimiz biraz daha zorla\u015f\u0131yor. Bu hafta oynayaca\u011f\u0131m\u0131z Bornova alt s\u0131ralarda ama ge\u00e7en hafta berabere kalm\u0131\u015flar. Bizim i\u00e7in kolay ma\u00e7 olmayacak. Zaten her ma\u00e7 zor &#8220;diye konu\u015ftu.<\/p>\n<p>&#8220;3. devre 1 ma\u00e7 hari\u00e7 hepsini evimizde oynayaca\u011f\u0131z&#8221;<br \/>\n<br \/>Hedeflerinin grubu lider olarak tamamlamak oldu\u011funu belirten Sezer, &#8220;Ama yine ma\u00e7\u0131 kazan\u0131p liderli\u011fi devam ettirmek istiyoruz. Amac\u0131m\u0131z Antalya\u2019da yap\u0131lacak olan play-off\u2019lara kat\u0131lmak. \u00dc\u00e7\u00fcnc\u00fc devrede Ku\u015fadas\u0131 ma\u00e7\u0131 hari\u00e7 hepsini evimizde oynayaca\u011f\u0131z. Bu da bizi biraz daha avantajl\u0131 yapacak&#8221; ifadelerini kulland\u0131.<br \/>\n<br \/>Denizlispor &#8211; Bornova 1877 Sportif Yat\u0131r\u0131mlar A.\u015e. ma\u00e7\u0131 8 Mart Cumartesi g\u00fcn\u00fc saat 12.00\u2019de Zafer Katranc\u0131 Tesisleri\u2019nde oynanacak.<br \/><\/p>\n","protected":false},"excerpt":{"rendered":"<p>TFF U19 B\u00f6lgesel Geli\u015fim Ligi 3. Grup\u2019ta liderli\u011fini s\u00fcrd\u00fcren Denizlispor U19 tak\u0131m\u0131, Bornova 1877 kar\u015f\u0131la\u015fmas\u0131ndan da galibiyetle ayr\u0131lmak istiyor. TFF U19 B\u00f6lgesel Geli\u015fim Ligi 3. Grup\u2019ta 19. hafta itibar\u0131yla 13 galibiyet, 2 beraberlik, 4 yenilgi alarak 41 puanla liderli\u011fini s\u00fcrd\u00fcren Denizlispor\u2019da g\u00f6zler 20. haftada Denizli\u2019de oynanacak olan Bornova 1877 ma\u00e7\u0131na \u00e7evrildi. M\u00fcsabakaya Zafer Katranc\u0131 tesislerinde&#8230;<\/p>\n","protected":false},"author":1,"featured_media":24261,"comment_status":"open","ping_status":"open","sticky":false,"template":"","format":"standard","meta":{"_crdt_document":"","footnotes":""},"categories":[4],"tags":[],"class_list":["post-24260","post","type-post","status-publish","format-standard","has-post-thumbnail","hentry","category-spor"],"_links":{"self":[{"href":"https:\/\/www.egemtv.com\/index.php?rest_route=\/wp\/v2\/posts\/24260","targetHints":{"allow":["GET"]}}],"collection":[{"href":"https:\/\/www.egemtv.com\/index.php?rest_route=\/wp\/v2\/posts"}],"about":[{"href":"https:\/\/www.egemtv.com\/index.php?rest_route=\/wp\/v2\/types\/post"}],"author":[{"embeddable":true,"href":"https:\/\/www.egemtv.com\/index.php?rest_route=\/wp\/v2\/users\/1"}],"replies":[{"embeddable":true,"href":"https:\/\/www.egemtv.com\/index.php?rest_route=%2Fwp%2Fv2%2Fcomments&post=24260"}],"version-history":[{"count":1,"href":"https:\/\/www.egemtv.com\/index.php?rest_route=\/wp\/v2\/posts\/24260\/revisions"}],"predecessor-version":[{"id":24262,"href":"https:\/\/www.egemtv.com\/index.php?rest_route=\/wp\/v2\/posts\/24260\/revisions\/24262"}],"wp:featuredmedia":[{"embeddable":true,"href":"https:\/\/www.egemtv.com\/index.php?rest_route=\/wp\/v2\/media\/24261"}],"wp:attachment":[{"href":"https:\/\/www.egemtv.com\/index.php?rest_route=%2Fwp%2Fv2%2Fmedia&parent=24260"}],"wp:term":[{"taxonomy":"category","embeddable":true,"href":"https:\/\/www.egemtv.com\/index.php?rest_route=%2Fwp%2Fv2%2Fcategories&post=24260"},{"taxonomy":"post_tag","embeddable":true,"href":"https:\/\/www.egemtv.com\/index.php?rest_route=%2Fwp%2Fv2%2Ftags&post=24260"}],"curies":[{"name":"wp","href":"https:\/\/api.w.org\/{rel}","templated":true}]}}