{"id":24257,"date":"2025-03-06T12:47:23","date_gmt":"2025-03-06T09:47:23","guid":{"rendered":"https:\/\/www.egemtv.com\/?p=24257"},"modified":"2025-03-06T12:47:28","modified_gmt":"2025-03-06T09:47:28","slug":"ersan-parlatannin-hedefi-fethiyespor-deplasmani","status":"publish","type":"post","link":"https:\/\/www.egemtv.com\/?p=24257","title":{"rendered":"Ersan Parlatan\u2019n\u0131n hedefi Fethiyespor deplasman\u0131"},"content":{"rendered":"<p>Alt\u0131nordu FK Teknik Direkt\u00f6r\u00fc Ersan Parlatan, Fethiyespor deplasmanda daha iyi bir g\u00f6r\u00fcnt\u00fc sergileyeceklerini s\u00f6yledi.<br \/>\n<br \/>TFF 2. Lig Beyaz Grup ekiplerinden Alt\u0131nordu, 24 hafta itibar\u0131yla toplad\u0131\u011f\u0131 48 puanla \u00fc\u00e7\u00fcnc\u00fc s\u0131rada bulunuyor. \u0130zmir ekibi, yeni bir galibiyet serisine ba\u015flamak i\u00e7in 9 Mart Pazar g\u00fcn\u00fc konuk olacaklar\u0131 Fethiyespor ma\u00e7\u0131n\u0131n haz\u0131rl\u0131klar\u0131n\u0131 s\u00fcrd\u00fcrd\u00fc. K\u0131rm\u0131z\u0131-lacivertlilerde Teknik Direkt\u00f6r Ersan Parlatan, hem ge\u00e7en hafta hem de gelecek hafta oynayacaklar\u0131 m\u00fcsabakayla ilgili kul\u00fcp televizyonuna a\u00e7\u0131klamalarda bulundu.<br \/>\n<br \/>Hafta sonu oynad\u0131klar\u0131 ve 1-1 berabere kald\u0131klar\u0131 Beykoz Anadolu Spor m\u00fccadelesinde 3 puan alamad\u0131klar\u0131 i\u00e7in \u00fczg\u00fcn olduklar\u0131n\u0131 ifade eden Parlatan, &#8220;G\u00f6n\u00fcl isterdi ki \u00fc\u00e7 puan alal\u0131m. Beykoz Anadolu Spor ma\u00e7\u0131na bak\u0131ld\u0131\u011f\u0131nda ma\u00e7la alakal\u0131 biraz co\u015fku eksikli\u011fimiz vard\u0131. Bunu ma\u00e7\u0131n ba\u015f\u0131nda hissedebildik. Girdi\u011fimiz net pozisyonlar\u0131m\u0131z vard\u0131 fakat sonu\u00e7land\u0131rmada sorun ya\u015fad\u0131k. Tak\u0131mda yorgunluk demeyeyim ama co\u015fku eksikli\u011fimiz vard\u0131. \u0130kinci yar\u0131 toparlansak da rakip de oyunu so\u011futarak buradan istedi\u011fi bir puan\u0131 almas\u0131n\u0131 bildi. Bizler iki puan kaybettik&#8221; dedi.<\/p>\n<p>&#8220;Fethiye deplasmanda daha iyi bir g\u00f6r\u00fcnt\u00fc sergileyece\u011fiz&#8221;<br \/>\n<br \/>Fethiyespor m\u00fcsabakas\u0131n\u0131n haz\u0131rl\u0131klar\u0131na devam ettiklerini dile getiren Ersan Parlatan, &#8220;Rakip son haftalarda gol yemiyor. Bizler bu ma\u00e7ta dahi iyi g\u00f6r\u00fcnt\u00fc sergileyece\u011fimize eminiz ve istedi\u011fimiz sonucu alarak \u0130zmir\u2019e d\u00f6nece\u011fiz. Alaca\u011f\u0131m\u0131z 3 puanla zirve yar\u0131\u015f\u0131na devam edece\u011fiz&#8221; diye konu\u015ftu.<br \/><\/p>\n","protected":false},"excerpt":{"rendered":"<p>Alt\u0131nordu FK Teknik Direkt\u00f6r\u00fc Ersan Parlatan, Fethiyespor deplasmanda daha iyi bir g\u00f6r\u00fcnt\u00fc sergileyeceklerini s\u00f6yledi. TFF 2. Lig Beyaz Grup ekiplerinden Alt\u0131nordu, 24 hafta itibar\u0131yla toplad\u0131\u011f\u0131 48 puanla \u00fc\u00e7\u00fcnc\u00fc s\u0131rada bulunuyor. \u0130zmir ekibi, yeni bir galibiyet serisine ba\u015flamak i\u00e7in 9 Mart Pazar g\u00fcn\u00fc konuk olacaklar\u0131 Fethiyespor ma\u00e7\u0131n\u0131n haz\u0131rl\u0131klar\u0131n\u0131 s\u00fcrd\u00fcrd\u00fc. K\u0131rm\u0131z\u0131-lacivertlilerde Teknik Direkt\u00f6r Ersan Parlatan, hem ge\u00e7en&#8230;<\/p>\n","protected":false},"author":1,"featured_media":24258,"comment_status":"open","ping_status":"open","sticky":false,"template":"","format":"standard","meta":{"_crdt_document":"","footnotes":""},"categories":[4],"tags":[],"class_list":["post-24257","post","type-post","status-publish","format-standard","has-post-thumbnail","hentry","category-spor"],"_links":{"self":[{"href":"https:\/\/www.egemtv.com\/index.php?rest_route=\/wp\/v2\/posts\/24257","targetHints":{"allow":["GET"]}}],"collection":[{"href":"https:\/\/www.egemtv.com\/index.php?rest_route=\/wp\/v2\/posts"}],"about":[{"href":"https:\/\/www.egemtv.com\/index.php?rest_route=\/wp\/v2\/types\/post"}],"author":[{"embeddable":true,"href":"https:\/\/www.egemtv.com\/index.php?rest_route=\/wp\/v2\/users\/1"}],"replies":[{"embeddable":true,"href":"https:\/\/www.egemtv.com\/index.php?rest_route=%2Fwp%2Fv2%2Fcomments&post=24257"}],"version-history":[{"count":1,"href":"https:\/\/www.egemtv.com\/index.php?rest_route=\/wp\/v2\/posts\/24257\/revisions"}],"predecessor-version":[{"id":24259,"href":"https:\/\/www.egemtv.com\/index.php?rest_route=\/wp\/v2\/posts\/24257\/revisions\/24259"}],"wp:featuredmedia":[{"embeddable":true,"href":"https:\/\/www.egemtv.com\/index.php?rest_route=\/wp\/v2\/media\/24258"}],"wp:attachment":[{"href":"https:\/\/www.egemtv.com\/index.php?rest_route=%2Fwp%2Fv2%2Fmedia&parent=24257"}],"wp:term":[{"taxonomy":"category","embeddable":true,"href":"https:\/\/www.egemtv.com\/index.php?rest_route=%2Fwp%2Fv2%2Fcategories&post=24257"},{"taxonomy":"post_tag","embeddable":true,"href":"https:\/\/www.egemtv.com\/index.php?rest_route=%2Fwp%2Fv2%2Ftags&post=24257"}],"curies":[{"name":"wp","href":"https:\/\/api.w.org\/{rel}","templated":true}]}}