{"id":24254,"date":"2025-03-06T12:47:22","date_gmt":"2025-03-06T09:47:22","guid":{"rendered":"https:\/\/www.egemtv.com\/?p=24254"},"modified":"2025-03-06T12:47:23","modified_gmt":"2025-03-06T09:47:23","slug":"baskan-tatik-orucunu-sayan-ailesinin-sofrasinda-acti","status":"publish","type":"post","link":"https:\/\/www.egemtv.com\/?p=24254","title":{"rendered":"Ba\u015fkan Tat\u0131k orucunu \u015eayan ailesinin sofras\u0131nda a\u00e7t\u0131"},"content":{"rendered":"<p>Tavas Belediye Ba\u015fkan\u0131 Kadir Tat\u0131k, Ramazan ay\u0131nda farkl\u0131 ailelere ziyaret ederek vatanda\u015flar\u0131n dertlerini dinlemeye ve birlikte iftar yapmay\u0131 s\u00fcrd\u00fcr\u00fcyor.<br \/>\n<br \/>Tavas Belediye Ba\u015fkan\u0131 Kadir Tat\u0131k, vatanda\u015flarla birlikte olmay\u0131 devam ediyor. Ba\u015fkan Tat\u0131k Tavas\u2019\u0131n Medet Mahallesinde ikamet eden \u015eayan ailesinin sofras\u0131na misafir oldu. \u015eayan ailesiyle birlikte iftar yapan Ba\u015fkan Tat\u0131k, sonras\u0131nda aile fertleriyle birlikte muhabbet etti.<br \/>\n<br \/>Ramazan ay\u0131n\u0131n huzurun, birli\u011fin ay\u0131 oldu\u011funu belirten Ba\u015fkan Tat\u0131k, &#8220;M\u00fcbarek Ramazan ay\u0131nda, g\u00f6n\u00fcl sofralar\u0131nda bir araya gelmenin huzurunu ya\u015f\u0131yoruz. Medet Mahallemizde, \u015eayan Ailesi\u2019nin misafiri olup, iftar sofralar\u0131n\u0131n bereketine ortak olduk. Misafirperverlikleri ve samimiyetleri i\u00e7in kendilerine g\u00f6n\u00fclden te\u015fekk\u00fcr ediyorum. Ramazan ay\u0131 boyunca f\u0131rsat bulduk\u00e7a aile ziyaretlerimize devam edece\u011fiz. Sofralar\u0131m\u0131z\u0131n bereketi, g\u00f6n\u00fcllerimizin muhabbeti daim olsun&#8221;  dedi.<br \/><\/p>\n","protected":false},"excerpt":{"rendered":"<p>Tavas Belediye Ba\u015fkan\u0131 Kadir Tat\u0131k, Ramazan ay\u0131nda farkl\u0131 ailelere ziyaret ederek vatanda\u015flar\u0131n dertlerini dinlemeye ve birlikte iftar yapmay\u0131 s\u00fcrd\u00fcr\u00fcyor. Tavas Belediye Ba\u015fkan\u0131 Kadir Tat\u0131k, vatanda\u015flarla birlikte olmay\u0131 devam ediyor. Ba\u015fkan Tat\u0131k Tavas\u2019\u0131n Medet Mahallesinde ikamet eden \u015eayan ailesinin sofras\u0131na misafir oldu. \u015eayan ailesiyle birlikte iftar yapan Ba\u015fkan Tat\u0131k, sonras\u0131nda aile fertleriyle birlikte muhabbet etti. Ramazan&#8230;<\/p>\n","protected":false},"author":1,"featured_media":24255,"comment_status":"open","ping_status":"open","sticky":false,"template":"","format":"standard","meta":{"_crdt_document":"","footnotes":""},"categories":[123],"tags":[],"class_list":["post-24254","post","type-post","status-publish","format-standard","has-post-thumbnail","hentry","category-gundem"],"_links":{"self":[{"href":"https:\/\/www.egemtv.com\/index.php?rest_route=\/wp\/v2\/posts\/24254","targetHints":{"allow":["GET"]}}],"collection":[{"href":"https:\/\/www.egemtv.com\/index.php?rest_route=\/wp\/v2\/posts"}],"about":[{"href":"https:\/\/www.egemtv.com\/index.php?rest_route=\/wp\/v2\/types\/post"}],"author":[{"embeddable":true,"href":"https:\/\/www.egemtv.com\/index.php?rest_route=\/wp\/v2\/users\/1"}],"replies":[{"embeddable":true,"href":"https:\/\/www.egemtv.com\/index.php?rest_route=%2Fwp%2Fv2%2Fcomments&post=24254"}],"version-history":[{"count":1,"href":"https:\/\/www.egemtv.com\/index.php?rest_route=\/wp\/v2\/posts\/24254\/revisions"}],"predecessor-version":[{"id":24256,"href":"https:\/\/www.egemtv.com\/index.php?rest_route=\/wp\/v2\/posts\/24254\/revisions\/24256"}],"wp:featuredmedia":[{"embeddable":true,"href":"https:\/\/www.egemtv.com\/index.php?rest_route=\/wp\/v2\/media\/24255"}],"wp:attachment":[{"href":"https:\/\/www.egemtv.com\/index.php?rest_route=%2Fwp%2Fv2%2Fmedia&parent=24254"}],"wp:term":[{"taxonomy":"category","embeddable":true,"href":"https:\/\/www.egemtv.com\/index.php?rest_route=%2Fwp%2Fv2%2Fcategories&post=24254"},{"taxonomy":"post_tag","embeddable":true,"href":"https:\/\/www.egemtv.com\/index.php?rest_route=%2Fwp%2Fv2%2Ftags&post=24254"}],"curies":[{"name":"wp","href":"https:\/\/api.w.org\/{rel}","templated":true}]}}