{"id":24251,"date":"2025-03-06T12:27:28","date_gmt":"2025-03-06T09:27:28","guid":{"rendered":"https:\/\/www.egemtv.com\/?p=24251"},"modified":"2025-03-06T12:27:34","modified_gmt":"2025-03-06T09:27:34","slug":"nazillide-yol-calismalari-araliksiz-suruyor","status":"publish","type":"post","link":"https:\/\/www.egemtv.com\/?p=24251","title":{"rendered":"Nazilli\u2019de yol \u00e7al\u0131\u015fmalar\u0131 aral\u0131ks\u0131z s\u00fcr\u00fcyor"},"content":{"rendered":"<p>Nazilli Belediyesi \u015fehrin d\u00f6rt bir yan\u0131nda ger\u00e7ekle\u015ftirdi\u011fi e\u015f zamanl\u0131 \u00e7al\u0131\u015fmalar ve trafi\u011fi rahatlatmak i\u00e7in att\u0131\u011f\u0131 ad\u0131mlarla il\u00e7enin yol haritas\u0131na yeni bir soluk getiriyor.<\/p>\n<p>Son olarak \u015eirinevler Mahallesi 3. etap yol \u00e7al\u0131\u015fmalar\u0131 kapsam\u0131nda yenileme \u00e7al\u0131\u015fmas\u0131 yap\u0131lan 291 Sokak\u2019taki faaliyetler k\u0131sa s\u00fcrede tamamlanarak yol yaya ve ara\u00e7 trafi\u011fine a\u00e7\u0131ld\u0131. B\u00f6lgede s\u0131k s\u0131k inceleme yaparak Fen \u0130\u015fleri M\u00fcd\u00fcrl\u00fc\u011f\u00fc ekiplerinden bilgi alan Belediye Ba\u015fkan\u0131 Dr. Ertu\u011frul Tetik, \u015fehrin at\u0131l vaziyette b\u0131rak\u0131lm\u0131\u015f her noktas\u0131na hizmet ula\u015ft\u0131racaklar\u0131n\u0131n da alt\u0131n\u0131 \u00e7izdi. 30 y\u0131l\u0131n ard\u0131ndan yollar\u0131 yenilenen \u015eirinevler Mahallesi sakinleri \u00e7al\u0131\u015fmalar\u0131ndan dolay\u0131 Nazilli Belediyesi\u2019ne te\u015fekk\u00fcr etti. Saha gezileri s\u0131ras\u0131nda yaln\u0131zca yol \u00e7al\u0131\u015fmalar\u0131 de\u011fil, b\u00f6lgenin di\u011fer eksiklerinin giderilmesi konusunda da b\u00fcy\u00fck hassasiyet g\u00f6steren Ba\u015fkan Tetik, vatanda\u015flar\u0131n talep ve \u015fikayetlerini yerinde dinleyerek halktan yana bir belediyecilik anlay\u0131\u015f\u0131yla \u00e7al\u0131\u015fmaya devam ediyor.<br \/><\/p>\n","protected":false},"excerpt":{"rendered":"<p>Nazilli Belediyesi \u015fehrin d\u00f6rt bir yan\u0131nda ger\u00e7ekle\u015ftirdi\u011fi e\u015f zamanl\u0131 \u00e7al\u0131\u015fmalar ve trafi\u011fi rahatlatmak i\u00e7in att\u0131\u011f\u0131 ad\u0131mlarla il\u00e7enin yol haritas\u0131na yeni bir soluk getiriyor. Son olarak \u015eirinevler Mahallesi 3. etap yol \u00e7al\u0131\u015fmalar\u0131 kapsam\u0131nda yenileme \u00e7al\u0131\u015fmas\u0131 yap\u0131lan 291 Sokak\u2019taki faaliyetler k\u0131sa s\u00fcrede tamamlanarak yol yaya ve ara\u00e7 trafi\u011fine a\u00e7\u0131ld\u0131. B\u00f6lgede s\u0131k s\u0131k inceleme yaparak Fen \u0130\u015fleri M\u00fcd\u00fcrl\u00fc\u011f\u00fc&#8230;<\/p>\n","protected":false},"author":1,"featured_media":24252,"comment_status":"open","ping_status":"open","sticky":false,"template":"","format":"standard","meta":{"_crdt_document":"","footnotes":""},"categories":[1],"tags":[],"class_list":["post-24251","post","type-post","status-publish","format-standard","has-post-thumbnail","hentry","category-guncel"],"_links":{"self":[{"href":"https:\/\/www.egemtv.com\/index.php?rest_route=\/wp\/v2\/posts\/24251","targetHints":{"allow":["GET"]}}],"collection":[{"href":"https:\/\/www.egemtv.com\/index.php?rest_route=\/wp\/v2\/posts"}],"about":[{"href":"https:\/\/www.egemtv.com\/index.php?rest_route=\/wp\/v2\/types\/post"}],"author":[{"embeddable":true,"href":"https:\/\/www.egemtv.com\/index.php?rest_route=\/wp\/v2\/users\/1"}],"replies":[{"embeddable":true,"href":"https:\/\/www.egemtv.com\/index.php?rest_route=%2Fwp%2Fv2%2Fcomments&post=24251"}],"version-history":[{"count":1,"href":"https:\/\/www.egemtv.com\/index.php?rest_route=\/wp\/v2\/posts\/24251\/revisions"}],"predecessor-version":[{"id":24253,"href":"https:\/\/www.egemtv.com\/index.php?rest_route=\/wp\/v2\/posts\/24251\/revisions\/24253"}],"wp:featuredmedia":[{"embeddable":true,"href":"https:\/\/www.egemtv.com\/index.php?rest_route=\/wp\/v2\/media\/24252"}],"wp:attachment":[{"href":"https:\/\/www.egemtv.com\/index.php?rest_route=%2Fwp%2Fv2%2Fmedia&parent=24251"}],"wp:term":[{"taxonomy":"category","embeddable":true,"href":"https:\/\/www.egemtv.com\/index.php?rest_route=%2Fwp%2Fv2%2Fcategories&post=24251"},{"taxonomy":"post_tag","embeddable":true,"href":"https:\/\/www.egemtv.com\/index.php?rest_route=%2Fwp%2Fv2%2Ftags&post=24251"}],"curies":[{"name":"wp","href":"https:\/\/api.w.org\/{rel}","templated":true}]}}