{"id":24248,"date":"2025-03-06T12:27:23","date_gmt":"2025-03-06T09:27:23","guid":{"rendered":"https:\/\/www.egemtv.com\/?p=24248"},"modified":"2025-03-06T12:27:28","modified_gmt":"2025-03-06T09:27:28","slug":"goztepede-djalma-silva-sezonu-kapatti","status":"publish","type":"post","link":"https:\/\/www.egemtv.com\/?p=24248","title":{"rendered":"G\u00f6ztepe\u2019de Djalma Silva sezonu kapatt\u0131"},"content":{"rendered":"<p>G\u00f6ztepe\u2019nin, Trendyol S\u00fcper Lig\u2019in 26. haftas\u0131nda Samsunspor\u2019la sahas\u0131nda oynad\u0131\u011f\u0131 ma\u00e7ta sakatlanarak oyundan \u00e7\u0131kmak zorunda kalan sol bek Djalma Silva\u2019n\u0131n sezonu kapatt\u0131\u011f\u0131 \u00f6\u011frenildi.<br \/>\n<br \/>G\u00f6ztepe\u2019de bu sezon ya\u015fanan sakatl\u0131klar can s\u0131kmaya devam ediyor. \u0130lk olarak sezon ba\u015f\u0131nda ayak bile\u011finde ba\u011f yaralanmas\u0131 ya\u015fayan Kubilay Kanats\u0131zku\u015f, yakla\u015f\u0131k 5 ay gibi bir s\u00fcre sahalardan uzak kal\u0131p ge\u00e7ti\u011fimiz ay formas\u0131na kavu\u015fmu\u015ftu. Ba\u015far\u0131l\u0131 orta saha Isaac Solet de 24 Kas\u0131m 2024 tarihinde Be\u015fikta\u015f deplasman\u0131nda \u00e7apraz ba\u011f\u0131n\u0131n kopmas\u0131yla sezonu kapatt\u0131. Solet\u2019in hemen ard\u0131ndan Chelsea\u2019den kiral\u0131k olarak tak\u0131ma kat\u0131lan Fildi\u015fi Sahilli golc\u00fc David Datro Fofana da 7 Aral\u0131k 2024\u2019te oynanan Adana Demirspor m\u00fccadelesinde yine \u00e7apraz ba\u011flar\u0131ndan sakatl\u0131k ya\u015fad\u0131 ve sezonu kapatt\u0131. Bunun \u00fczerine \u0130zmir ekibi de Fofana\u2019n\u0131n s\u00f6zle\u015fmesini ara transfer d\u00f6neminde sonland\u0131r\u0131ld\u0131.<br \/>\n<br \/>G\u00f6ztepe\u2019de benzer bir sorunu ya\u015fayan son futbolcu da sol bek Djalma Silva oldu. Ge\u00e7ti\u011fimiz hafta oynanan Samsunspor m\u00fcsabakas\u0131n\u0131n 20. dakikas\u0131nda sakatlan\u0131p sa\u011fl\u0131k ekibinin m\u00fcdahalesinin ard\u0131ndan tekrar oyuna d\u00f6nen 30 ya\u015f\u0131ndaki futbolcu, bir kez daha sakatl\u0131k ya\u015fay\u0131nca bu kez sahay\u0131 sedye ile terk etmek zorunda kald\u0131.<br \/>\n<br \/>\u00c7ekilen MR sonucunda \u00e7apraz ba\u011f\u0131n\u0131n koptu\u011fu ortaya \u00e7\u0131kan Silva\u2019n\u0131n sahalara d\u00f6nmesinin 9 ay\u0131 bulabilece\u011fi ifade edildi. B\u00f6ylece sar\u0131-k\u0131rm\u0131z\u0131l\u0131 ekipte bu sezon \u00fc\u00e7\u00fcnc\u00fc oyuncu da sakatl\u0131ktan dolay\u0131 sezonu kapatt\u0131.<br \/>\n<br \/>Djalma Silva, bu sezon G\u00f6ztepe formas\u0131yla t\u00fcm kulvarlarda 25 ma\u00e7a \u00e7\u0131karken, 1 gol ve 2 asistlik katk\u0131 verdi.<br \/><\/p>\n","protected":false},"excerpt":{"rendered":"<p>G\u00f6ztepe\u2019nin, Trendyol S\u00fcper Lig\u2019in 26. haftas\u0131nda Samsunspor\u2019la sahas\u0131nda oynad\u0131\u011f\u0131 ma\u00e7ta sakatlanarak oyundan \u00e7\u0131kmak zorunda kalan sol bek Djalma Silva\u2019n\u0131n sezonu kapatt\u0131\u011f\u0131 \u00f6\u011frenildi. G\u00f6ztepe\u2019de bu sezon ya\u015fanan sakatl\u0131klar can s\u0131kmaya devam ediyor. \u0130lk olarak sezon ba\u015f\u0131nda ayak bile\u011finde ba\u011f yaralanmas\u0131 ya\u015fayan Kubilay Kanats\u0131zku\u015f, yakla\u015f\u0131k 5 ay gibi bir s\u00fcre sahalardan uzak kal\u0131p ge\u00e7ti\u011fimiz ay formas\u0131na kavu\u015fmu\u015ftu&#8230;.<\/p>\n","protected":false},"author":1,"featured_media":24249,"comment_status":"open","ping_status":"open","sticky":false,"template":"","format":"standard","meta":{"_crdt_document":"","footnotes":""},"categories":[4],"tags":[],"class_list":["post-24248","post","type-post","status-publish","format-standard","has-post-thumbnail","hentry","category-spor"],"_links":{"self":[{"href":"https:\/\/www.egemtv.com\/index.php?rest_route=\/wp\/v2\/posts\/24248","targetHints":{"allow":["GET"]}}],"collection":[{"href":"https:\/\/www.egemtv.com\/index.php?rest_route=\/wp\/v2\/posts"}],"about":[{"href":"https:\/\/www.egemtv.com\/index.php?rest_route=\/wp\/v2\/types\/post"}],"author":[{"embeddable":true,"href":"https:\/\/www.egemtv.com\/index.php?rest_route=\/wp\/v2\/users\/1"}],"replies":[{"embeddable":true,"href":"https:\/\/www.egemtv.com\/index.php?rest_route=%2Fwp%2Fv2%2Fcomments&post=24248"}],"version-history":[{"count":1,"href":"https:\/\/www.egemtv.com\/index.php?rest_route=\/wp\/v2\/posts\/24248\/revisions"}],"predecessor-version":[{"id":24250,"href":"https:\/\/www.egemtv.com\/index.php?rest_route=\/wp\/v2\/posts\/24248\/revisions\/24250"}],"wp:featuredmedia":[{"embeddable":true,"href":"https:\/\/www.egemtv.com\/index.php?rest_route=\/wp\/v2\/media\/24249"}],"wp:attachment":[{"href":"https:\/\/www.egemtv.com\/index.php?rest_route=%2Fwp%2Fv2%2Fmedia&parent=24248"}],"wp:term":[{"taxonomy":"category","embeddable":true,"href":"https:\/\/www.egemtv.com\/index.php?rest_route=%2Fwp%2Fv2%2Fcategories&post=24248"},{"taxonomy":"post_tag","embeddable":true,"href":"https:\/\/www.egemtv.com\/index.php?rest_route=%2Fwp%2Fv2%2Ftags&post=24248"}],"curies":[{"name":"wp","href":"https:\/\/api.w.org\/{rel}","templated":true}]}}