{"id":24245,"date":"2025-03-06T12:27:19","date_gmt":"2025-03-06T09:27:19","guid":{"rendered":"https:\/\/www.egemtv.com\/?p=24245"},"modified":"2025-03-06T12:27:23","modified_gmt":"2025-03-06T09:27:23","slug":"kedi-kopek-ve-gelinciklerin-kimliklendirilmesi-icin-protokol-imzalandi","status":"publish","type":"post","link":"https:\/\/www.egemtv.com\/?p=24245","title":{"rendered":"Kedi, k\u00f6pek ve gelinciklerin kimliklendirilmesi i\u00e7in protokol imzaland\u0131"},"content":{"rendered":"<p>Afyonkarahisar Tar\u0131m ve Orman \u0130l M\u00fcd\u00fcrl\u00fc\u011f\u00fc ile Veteriner Hekimleri Odas\u0131 aras\u0131nda protokol imzaland\u0131.<br \/>\n<br \/>Protokol \u2018Kedi, K\u00f6pek ve Gelinciklerin Kimliklendirilmesi ve Kay\u0131t Alt\u0131na Al\u0131nmas\u0131na Dair Y\u00f6netmelik\u2019 imzaland\u0131. \u0130mzalanan protokol\u00fcn ard\u0131ndan kurumdan yap\u0131lan yaz\u0131l\u0131 a\u00e7\u0131klamada ise &#8220;Can dostlar\u0131m\u0131z\u0131n kay\u0131t alt\u0131na al\u0131nmas\u0131na verdikleri desteklerden dolay\u0131 Serbest Veteriner Hekimlerimize te\u015fekk\u00fcr ederiz&#8221; ifadelerine yer verildi.<br \/><\/p>\n","protected":false},"excerpt":{"rendered":"<p>Afyonkarahisar Tar\u0131m ve Orman \u0130l M\u00fcd\u00fcrl\u00fc\u011f\u00fc ile Veteriner Hekimleri Odas\u0131 aras\u0131nda protokol imzaland\u0131. Protokol \u2018Kedi, K\u00f6pek ve Gelinciklerin Kimliklendirilmesi ve Kay\u0131t Alt\u0131na Al\u0131nmas\u0131na Dair Y\u00f6netmelik\u2019 imzaland\u0131. \u0130mzalanan protokol\u00fcn ard\u0131ndan kurumdan yap\u0131lan yaz\u0131l\u0131 a\u00e7\u0131klamada ise &#8220;Can dostlar\u0131m\u0131z\u0131n kay\u0131t alt\u0131na al\u0131nmas\u0131na verdikleri desteklerden dolay\u0131 Serbest Veteriner Hekimlerimize te\u015fekk\u00fcr ederiz&#8221; ifadelerine yer verildi.<\/p>\n","protected":false},"author":1,"featured_media":24246,"comment_status":"open","ping_status":"open","sticky":false,"template":"","format":"standard","meta":{"_crdt_document":"","footnotes":""},"categories":[1],"tags":[],"class_list":["post-24245","post","type-post","status-publish","format-standard","has-post-thumbnail","hentry","category-guncel"],"_links":{"self":[{"href":"https:\/\/www.egemtv.com\/index.php?rest_route=\/wp\/v2\/posts\/24245","targetHints":{"allow":["GET"]}}],"collection":[{"href":"https:\/\/www.egemtv.com\/index.php?rest_route=\/wp\/v2\/posts"}],"about":[{"href":"https:\/\/www.egemtv.com\/index.php?rest_route=\/wp\/v2\/types\/post"}],"author":[{"embeddable":true,"href":"https:\/\/www.egemtv.com\/index.php?rest_route=\/wp\/v2\/users\/1"}],"replies":[{"embeddable":true,"href":"https:\/\/www.egemtv.com\/index.php?rest_route=%2Fwp%2Fv2%2Fcomments&post=24245"}],"version-history":[{"count":1,"href":"https:\/\/www.egemtv.com\/index.php?rest_route=\/wp\/v2\/posts\/24245\/revisions"}],"predecessor-version":[{"id":24247,"href":"https:\/\/www.egemtv.com\/index.php?rest_route=\/wp\/v2\/posts\/24245\/revisions\/24247"}],"wp:featuredmedia":[{"embeddable":true,"href":"https:\/\/www.egemtv.com\/index.php?rest_route=\/wp\/v2\/media\/24246"}],"wp:attachment":[{"href":"https:\/\/www.egemtv.com\/index.php?rest_route=%2Fwp%2Fv2%2Fmedia&parent=24245"}],"wp:term":[{"taxonomy":"category","embeddable":true,"href":"https:\/\/www.egemtv.com\/index.php?rest_route=%2Fwp%2Fv2%2Fcategories&post=24245"},{"taxonomy":"post_tag","embeddable":true,"href":"https:\/\/www.egemtv.com\/index.php?rest_route=%2Fwp%2Fv2%2Ftags&post=24245"}],"curies":[{"name":"wp","href":"https:\/\/api.w.org\/{rel}","templated":true}]}}