{"id":24242,"date":"2025-03-06T12:06:26","date_gmt":"2025-03-06T09:06:26","guid":{"rendered":"https:\/\/www.egemtv.com\/?p=24242"},"modified":"2025-03-06T12:06:34","modified_gmt":"2025-03-06T09:06:34","slug":"pamukkale-universitesi-calisanlari-esit-calisma-sarti-ve-ucret-icin-eylem-yapti","status":"publish","type":"post","link":"https:\/\/www.egemtv.com\/?p=24242","title":{"rendered":"Pamukkale \u00dcniversitesi \u00e7al\u0131\u015fanlar\u0131 e\u015fit \u00e7al\u0131\u015fma \u015fart\u0131 ve \u00fccret i\u00e7in eylem yapt\u0131"},"content":{"rendered":"<p>Denizli Pamukkale \u00dcniversitesi (PA\u00dc) Hastanesinde g\u00f6revli bir grup sa\u011fl\u0131k \u00e7al\u0131\u015fan\u0131 e\u015fit \u00e7al\u0131\u015fma \u015fartlar\u0131 ve e\u015fit \u00fccret talebiyle eylem yapt\u0131.<\/p>\n<p>Pamukkale \u00dcniversitesi Hastanesinde g\u00f6rev yapan T\u00fcrk Sa\u011fl\u0131k \u0130\u015f Sendikas\u0131 \u00fcyesi sa\u011fl\u0131k\u00e7\u0131lar, PA\u00dc y\u00f6netimi taraf\u0131ndan \u00e7al\u0131\u015fanlar aras\u0131nda ayr\u0131m yap\u0131ld\u0131\u011f\u0131n\u0131 iddia ederek, yatakl\u0131 servisler \u00f6n\u00fcnde 1 saatlik eylem yapt\u0131. E\u015fit \u00e7al\u0131\u015fma \u015fartlar\u0131 ve e\u015fit \u00fccret talebiyle PA\u00dc Hastanesi yatakl\u0131 servisler \u00f6n\u00fcnde ger\u00e7ekle\u015fen 1 saatlik eyleme farkl\u0131 illerden gelen sendika yetkilileri de destek verdi.<\/p>\n<p>\u015eark\u0131lar e\u015fli\u011finde halay \u00e7ekerek seslerini duyurmaya \u00e7al\u0131\u015fan PA\u00dc Hastanesinin talepleriyle ilgili olarak a\u00e7\u0131klama yapan T\u00fcrk Sa\u011fl\u0131k \u0130\u015f PA\u00dc Denizli \u0130l Temsilcisi Zeki K\u0131l\u0131\u00e7, &#8220;Bug\u00fcn, \u00fcretimden gelen g\u00fcc\u00fcm\u00fcz\u00fc kullanarak Pamukkale \u00dcniversitesi Hastanelerinde bir eylem ger\u00e7ekle\u015ftirdik. Sabah t\u00fcm \u00e7al\u0131\u015fanlar kartlar\u0131n\u0131 bast\u0131ktan sonra, 1 saat boyunca yatakl\u0131 servisler \u00f6n\u00fcnde toplanarak y\u00f6netime ve Denizli\u2019deki yetkililere sesimizi duyurduk&#8221; dedi.<\/p>\n<p>\u00c7al\u0131\u015fanlar aras\u0131nda ayn\u0131 \u00e7al\u0131\u015fma \u015fartlar\u0131 ve e\u015fit i\u015fe e\u015fit \u00fccret istediklerini kaydeden K\u0131l\u0131\u00e7, &#8220;Sorunlar\u0131m\u0131z\u0131n bir an \u00f6nce \u00e7\u00f6z\u00fclebilmesi i\u00e7in Denizli\u2019deki milletvekillerine, valili\u011fe, b\u00fcrokratlara ve \u00f6nde gelen isimlere sesleniyoruz. Bizler ma\u011fduruz ve kimseyi ma\u011fdur etmek istemiyoruz&#8221; diye konu\u015ftu.<br \/><\/p>\n","protected":false},"excerpt":{"rendered":"<p>Denizli Pamukkale \u00dcniversitesi (PA\u00dc) Hastanesinde g\u00f6revli bir grup sa\u011fl\u0131k \u00e7al\u0131\u015fan\u0131 e\u015fit \u00e7al\u0131\u015fma \u015fartlar\u0131 ve e\u015fit \u00fccret talebiyle eylem yapt\u0131. Pamukkale \u00dcniversitesi Hastanesinde g\u00f6rev yapan T\u00fcrk Sa\u011fl\u0131k \u0130\u015f Sendikas\u0131 \u00fcyesi sa\u011fl\u0131k\u00e7\u0131lar, PA\u00dc y\u00f6netimi taraf\u0131ndan \u00e7al\u0131\u015fanlar aras\u0131nda ayr\u0131m yap\u0131ld\u0131\u011f\u0131n\u0131 iddia ederek, yatakl\u0131 servisler \u00f6n\u00fcnde 1 saatlik eylem yapt\u0131. E\u015fit \u00e7al\u0131\u015fma \u015fartlar\u0131 ve e\u015fit \u00fccret talebiyle PA\u00dc Hastanesi&#8230;<\/p>\n","protected":false},"author":1,"featured_media":24243,"comment_status":"open","ping_status":"open","sticky":false,"template":"","format":"standard","meta":{"_crdt_document":"","footnotes":""},"categories":[2],"tags":[],"class_list":["post-24242","post","type-post","status-publish","format-standard","has-post-thumbnail","hentry","category-saglik"],"_links":{"self":[{"href":"https:\/\/www.egemtv.com\/index.php?rest_route=\/wp\/v2\/posts\/24242","targetHints":{"allow":["GET"]}}],"collection":[{"href":"https:\/\/www.egemtv.com\/index.php?rest_route=\/wp\/v2\/posts"}],"about":[{"href":"https:\/\/www.egemtv.com\/index.php?rest_route=\/wp\/v2\/types\/post"}],"author":[{"embeddable":true,"href":"https:\/\/www.egemtv.com\/index.php?rest_route=\/wp\/v2\/users\/1"}],"replies":[{"embeddable":true,"href":"https:\/\/www.egemtv.com\/index.php?rest_route=%2Fwp%2Fv2%2Fcomments&post=24242"}],"version-history":[{"count":1,"href":"https:\/\/www.egemtv.com\/index.php?rest_route=\/wp\/v2\/posts\/24242\/revisions"}],"predecessor-version":[{"id":24244,"href":"https:\/\/www.egemtv.com\/index.php?rest_route=\/wp\/v2\/posts\/24242\/revisions\/24244"}],"wp:featuredmedia":[{"embeddable":true,"href":"https:\/\/www.egemtv.com\/index.php?rest_route=\/wp\/v2\/media\/24243"}],"wp:attachment":[{"href":"https:\/\/www.egemtv.com\/index.php?rest_route=%2Fwp%2Fv2%2Fmedia&parent=24242"}],"wp:term":[{"taxonomy":"category","embeddable":true,"href":"https:\/\/www.egemtv.com\/index.php?rest_route=%2Fwp%2Fv2%2Fcategories&post=24242"},{"taxonomy":"post_tag","embeddable":true,"href":"https:\/\/www.egemtv.com\/index.php?rest_route=%2Fwp%2Fv2%2Ftags&post=24242"}],"curies":[{"name":"wp","href":"https:\/\/api.w.org\/{rel}","templated":true}]}}