{"id":24239,"date":"2025-03-06T11:47:06","date_gmt":"2025-03-06T08:47:06","guid":{"rendered":"https:\/\/www.egemtv.com\/?p=24239"},"modified":"2025-03-06T11:47:10","modified_gmt":"2025-03-06T08:47:10","slug":"baskan-akin-cumartesi-pazarindaki-calismalari-inceledi","status":"publish","type":"post","link":"https:\/\/www.egemtv.com\/?p=24239","title":{"rendered":"Ba\u015fkan Ak\u0131n Cumartesi Pazar\u0131\u2019ndaki \u00e7al\u0131\u015fmalar\u0131 inceledi"},"content":{"rendered":"<p>Turgutlu Belediye Ba\u015fkan\u0131 \u00c7etin Ak\u0131n, Ba\u015fkan Yard\u0131mc\u0131s\u0131 Ali R\u0131za K\u0131ran ve daire m\u00fcd\u00fcrleri Cumartesi Pazar\u0131\u2019nda incelemelerde bulundu.<br \/>\n<br \/>Turgutlu Belediye Ba\u015fkan\u0131 \u00c7etin Ak\u0131n, Ba\u015fkan Yard\u0131mc\u0131s\u0131 Ali R\u0131za K\u0131ran ve daire m\u00fcd\u00fcrleri, Cumartesi Pazar\u0131\u2019nda \u00e7al\u0131\u015fmalarla ilgili incelemelerde bulunmak \u00fczere bir araya geldi. Cumartesi Pazar\u0131n\u0131 ziyaret eden heyet, Turgutlu Belediyesi ve Manisa B\u00fcy\u00fck\u015fehir Belediyesinin ortakla\u015fa ger\u00e7ekle\u015ftirdi\u011fi mevcut \u00e7al\u0131\u015fmalar\u0131 inceledi. Pazar yerinin daha verimli ve d\u00fczenli hale getirilmesi i\u00e7in \u00e7e\u015fitli projelerin de\u011ferlendirildi\u011fi incelemede, yap\u0131lacak olan iyile\u015ftirme ve \u00fcstyap\u0131 \u00e7al\u0131\u015fmalar\u0131 konular\u0131 \u00fczerinde de duruldu.<br \/>\n<br \/>Turgutlu Belediye Ba\u015fkan\u0131 \u00c7etin Ak\u0131n, &#8220;Cumartesi Pazar\u0131nda belediyemiz ve b\u00fcy\u00fck\u015fehir belediyemizce yap\u0131lan \u00e7al\u0131\u015fmalar\u0131 Ba\u015fkan Yard\u0131mc\u0131m\u0131z Ali R\u0131za K\u0131ran ve daire m\u00fcd\u00fcrlerimizle inceledik. Hem\u015fehrilerimize daha sa\u011fl\u0131kl\u0131 hizmet vermek ad\u0131na mesaimize aral\u0131ks\u0131z devam ediyoruz&#8221; dedi.<br \/><\/p>\n","protected":false},"excerpt":{"rendered":"<p>Turgutlu Belediye Ba\u015fkan\u0131 \u00c7etin Ak\u0131n, Ba\u015fkan Yard\u0131mc\u0131s\u0131 Ali R\u0131za K\u0131ran ve daire m\u00fcd\u00fcrleri Cumartesi Pazar\u0131\u2019nda incelemelerde bulundu. Turgutlu Belediye Ba\u015fkan\u0131 \u00c7etin Ak\u0131n, Ba\u015fkan Yard\u0131mc\u0131s\u0131 Ali R\u0131za K\u0131ran ve daire m\u00fcd\u00fcrleri, Cumartesi Pazar\u0131\u2019nda \u00e7al\u0131\u015fmalarla ilgili incelemelerde bulunmak \u00fczere bir araya geldi. Cumartesi Pazar\u0131n\u0131 ziyaret eden heyet, Turgutlu Belediyesi ve Manisa B\u00fcy\u00fck\u015fehir Belediyesinin ortakla\u015fa ger\u00e7ekle\u015ftirdi\u011fi mevcut \u00e7al\u0131\u015fmalar\u0131&#8230;<\/p>\n","protected":false},"author":1,"featured_media":24240,"comment_status":"open","ping_status":"open","sticky":false,"template":"","format":"standard","meta":{"_crdt_document":"","footnotes":""},"categories":[125],"tags":[],"class_list":["post-24239","post","type-post","status-publish","format-standard","has-post-thumbnail","hentry","category-ekonomi"],"_links":{"self":[{"href":"https:\/\/www.egemtv.com\/index.php?rest_route=\/wp\/v2\/posts\/24239","targetHints":{"allow":["GET"]}}],"collection":[{"href":"https:\/\/www.egemtv.com\/index.php?rest_route=\/wp\/v2\/posts"}],"about":[{"href":"https:\/\/www.egemtv.com\/index.php?rest_route=\/wp\/v2\/types\/post"}],"author":[{"embeddable":true,"href":"https:\/\/www.egemtv.com\/index.php?rest_route=\/wp\/v2\/users\/1"}],"replies":[{"embeddable":true,"href":"https:\/\/www.egemtv.com\/index.php?rest_route=%2Fwp%2Fv2%2Fcomments&post=24239"}],"version-history":[{"count":1,"href":"https:\/\/www.egemtv.com\/index.php?rest_route=\/wp\/v2\/posts\/24239\/revisions"}],"predecessor-version":[{"id":24241,"href":"https:\/\/www.egemtv.com\/index.php?rest_route=\/wp\/v2\/posts\/24239\/revisions\/24241"}],"wp:featuredmedia":[{"embeddable":true,"href":"https:\/\/www.egemtv.com\/index.php?rest_route=\/wp\/v2\/media\/24240"}],"wp:attachment":[{"href":"https:\/\/www.egemtv.com\/index.php?rest_route=%2Fwp%2Fv2%2Fmedia&parent=24239"}],"wp:term":[{"taxonomy":"category","embeddable":true,"href":"https:\/\/www.egemtv.com\/index.php?rest_route=%2Fwp%2Fv2%2Fcategories&post=24239"},{"taxonomy":"post_tag","embeddable":true,"href":"https:\/\/www.egemtv.com\/index.php?rest_route=%2Fwp%2Fv2%2Ftags&post=24239"}],"curies":[{"name":"wp","href":"https:\/\/api.w.org\/{rel}","templated":true}]}}