{"id":24233,"date":"2025-03-06T11:46:59","date_gmt":"2025-03-06T08:46:59","guid":{"rendered":"https:\/\/www.egemtv.com\/?p=24233"},"modified":"2025-03-06T11:47:03","modified_gmt":"2025-03-06T08:47:03","slug":"soylesi-sirasinda-gercegi-aratmayan-deprem-tatbikati","status":"publish","type":"post","link":"https:\/\/www.egemtv.com\/?p=24233","title":{"rendered":"S\u00f6yle\u015fi s\u0131ras\u0131nda ger\u00e7e\u011fi aratmayan deprem tatbikat\u0131"},"content":{"rendered":"<p>K\u00fctahya\u2019n\u0131n Tav\u015fanl\u0131 il\u00e7esi Arslanbey Ticaret Mesleki ve Teknik Anadolu Lisesi\u2019nde Ye\u015filay Haftas\u0131 etkinlikleri kapsam\u0131nda ger\u00e7ekle\u015ftirilen programda, il genelinde yap\u0131lan tatbikatla heyecan dolu anlar ya\u015fand\u0131.<br \/>\n<br \/>Tav\u015fanl\u0131 Ye\u015filay Temsilcili\u011fi taraf\u0131ndan okulun konferans salonunda d\u00fczenlenen bilgilendirme etkinli\u011fi s\u0131ras\u0131nda, bir anda siren sesi duyuldu. Siren sesinin duyulmas\u0131yla birlikte, \u00f6\u011frenci ve \u00f6\u011fretmenler \u00f6nceden planland\u0131\u011f\u0131 gibi h\u0131zla masa altlar\u0131na girerek korunma pozisyonu ald\u0131. K\u0131sa bir s\u00fcre sonra, sakin ve d\u00fczenli bir \u015fekilde okul binas\u0131n\u0131 terk ederek bah\u00e7ede topland\u0131. Okul M\u00fcd\u00fcr\u00fc Halil Muslu, yakla\u015f\u0131k 2 dakika i\u00e7inde okulu tahliye eden \u00f6\u011frencileri tebrik etti. Muslu, bah\u00e7ede yapt\u0131\u011f\u0131 a\u00e7\u0131klamada, tatbikat s\u0131ras\u0131nda \u00f6\u011frencilerin g\u00f6sterdi\u011fi so\u011fukkanl\u0131l\u0131\u011f\u0131n \u00f6nemini vurgulad\u0131.<br \/><\/p>\n","protected":false},"excerpt":{"rendered":"<p>K\u00fctahya\u2019n\u0131n Tav\u015fanl\u0131 il\u00e7esi Arslanbey Ticaret Mesleki ve Teknik Anadolu Lisesi\u2019nde Ye\u015filay Haftas\u0131 etkinlikleri kapsam\u0131nda ger\u00e7ekle\u015ftirilen programda, il genelinde yap\u0131lan tatbikatla heyecan dolu anlar ya\u015fand\u0131. Tav\u015fanl\u0131 Ye\u015filay Temsilcili\u011fi taraf\u0131ndan okulun konferans salonunda d\u00fczenlenen bilgilendirme etkinli\u011fi s\u0131ras\u0131nda, bir anda siren sesi duyuldu. Siren sesinin duyulmas\u0131yla birlikte, \u00f6\u011frenci ve \u00f6\u011fretmenler \u00f6nceden planland\u0131\u011f\u0131 gibi h\u0131zla masa altlar\u0131na girerek korunma&#8230;<\/p>\n","protected":false},"author":1,"featured_media":24234,"comment_status":"open","ping_status":"open","sticky":false,"template":"","format":"standard","meta":{"_crdt_document":"","footnotes":""},"categories":[1],"tags":[],"class_list":["post-24233","post","type-post","status-publish","format-standard","has-post-thumbnail","hentry","category-guncel"],"_links":{"self":[{"href":"https:\/\/www.egemtv.com\/index.php?rest_route=\/wp\/v2\/posts\/24233","targetHints":{"allow":["GET"]}}],"collection":[{"href":"https:\/\/www.egemtv.com\/index.php?rest_route=\/wp\/v2\/posts"}],"about":[{"href":"https:\/\/www.egemtv.com\/index.php?rest_route=\/wp\/v2\/types\/post"}],"author":[{"embeddable":true,"href":"https:\/\/www.egemtv.com\/index.php?rest_route=\/wp\/v2\/users\/1"}],"replies":[{"embeddable":true,"href":"https:\/\/www.egemtv.com\/index.php?rest_route=%2Fwp%2Fv2%2Fcomments&post=24233"}],"version-history":[{"count":1,"href":"https:\/\/www.egemtv.com\/index.php?rest_route=\/wp\/v2\/posts\/24233\/revisions"}],"predecessor-version":[{"id":24235,"href":"https:\/\/www.egemtv.com\/index.php?rest_route=\/wp\/v2\/posts\/24233\/revisions\/24235"}],"wp:featuredmedia":[{"embeddable":true,"href":"https:\/\/www.egemtv.com\/index.php?rest_route=\/wp\/v2\/media\/24234"}],"wp:attachment":[{"href":"https:\/\/www.egemtv.com\/index.php?rest_route=%2Fwp%2Fv2%2Fmedia&parent=24233"}],"wp:term":[{"taxonomy":"category","embeddable":true,"href":"https:\/\/www.egemtv.com\/index.php?rest_route=%2Fwp%2Fv2%2Fcategories&post=24233"},{"taxonomy":"post_tag","embeddable":true,"href":"https:\/\/www.egemtv.com\/index.php?rest_route=%2Fwp%2Fv2%2Ftags&post=24233"}],"curies":[{"name":"wp","href":"https:\/\/api.w.org\/{rel}","templated":true}]}}