{"id":24230,"date":"2025-03-06T11:46:56","date_gmt":"2025-03-06T08:46:56","guid":{"rendered":"https:\/\/www.egemtv.com\/?p=24230"},"modified":"2025-03-06T11:46:59","modified_gmt":"2025-03-06T08:46:59","slug":"dunyaca-unlu-savas-sanatlari-ustasi-kurucayda","status":"publish","type":"post","link":"https:\/\/www.egemtv.com\/?p=24230","title":{"rendered":"D\u00fcnyaca \u00fcnl\u00fc sava\u015f sanatlar\u0131 ustas\u0131 Kuru\u00e7ay\u2019da"},"content":{"rendered":"<p>K\u00fctahya\u2019n\u0131n Tav\u015fanl\u0131 \u0130l\u00e7esinde Sava\u015f Sanatlar\u0131 Ustas\u0131 Metin Kayar Kuru\u00e7ay Ortaokulunu ziyaret etti.<br \/>\n<br \/>Tav\u015fanl\u0131 Kuru\u00e7ay Ortaokulu, d\u00fcnyaca \u00fcnl\u00fc sava\u015f sanatlar\u0131 ustas\u0131 Metin Kayar\u2019\u0131 a\u011f\u0131rlad\u0131. Kariyeri boyunca 16 kez d\u00fcnya \u015fampiyonu olan Metin Kayar, okulun t\u00fcm \u00f6\u011frencilerine sava\u015f sanatlar\u0131n\u0131 tan\u0131tarak b\u00fcy\u00fck bir ilgiyle kar\u015f\u0131land\u0131.<br \/>\n<br \/>Beden e\u011fitimi \u00f6\u011fretmeni Fatma \u00d6zhan\u2019\u0131n davetlisi olarak gelen Kayar, \u00f6\u011frencilere sava\u015f sanatlar\u0131n\u0131n sadece fiziksel bir m\u00fccadele de\u011fil, ayn\u0131 zamanda disiplin, \u00f6zsayg\u0131 ve kendini geli\u015ftirme \u00fczerinde de yo\u011funla\u015ft\u0131\u011f\u0131n\u0131 vurgulad\u0131. \u00d6\u011frenciler, Kayar\u2019\u0131n etkileyici g\u00f6sterilerini izleyerek bu sanatlar\u0131n tekniklerini \u00f6\u011frenme f\u0131rsat\u0131 buldular. Etkinlik, \u00e7ok say\u0131da \u00f6\u011frenci ve \u00f6\u011fretmenin kat\u0131l\u0131m\u0131yla ger\u00e7ekle\u015ftirildi. Kayar, t\u00fcm \u00f6\u011frencilere sava\u015f sanatlar\u0131n\u0131n faydalar\u0131n\u0131 anlatarak, onlar\u0131 bu alana y\u00f6nelmeye te\u015fvik etti. \u00d6\u011frenciler, Metin Kayar ile foto\u011fraf \u00e7ektirirken, b\u00fcy\u00fck bir mutluluk ya\u015fad\u0131lar.<br \/>\n<br \/>Kuru\u00e7ay Ortaokulu y\u00f6netimi, bu t\u00fcr etkinliklerin \u00f6\u011frencilerin motivasyonunu art\u0131rd\u0131\u011f\u0131n\u0131 ve sa\u011fl\u0131kl\u0131 bir ya\u015fam tarz\u0131n\u0131 benimsemelerine katk\u0131da bulundu\u011funu belirtti. Metin Kayar\u2019\u0131n ziyareti, okulda unutulmaz anlar ya\u015fanmas\u0131na vesile oldu.<br \/><\/p>\n","protected":false},"excerpt":{"rendered":"<p>K\u00fctahya\u2019n\u0131n Tav\u015fanl\u0131 \u0130l\u00e7esinde Sava\u015f Sanatlar\u0131 Ustas\u0131 Metin Kayar Kuru\u00e7ay Ortaokulunu ziyaret etti. Tav\u015fanl\u0131 Kuru\u00e7ay Ortaokulu, d\u00fcnyaca \u00fcnl\u00fc sava\u015f sanatlar\u0131 ustas\u0131 Metin Kayar\u2019\u0131 a\u011f\u0131rlad\u0131. Kariyeri boyunca 16 kez d\u00fcnya \u015fampiyonu olan Metin Kayar, okulun t\u00fcm \u00f6\u011frencilerine sava\u015f sanatlar\u0131n\u0131 tan\u0131tarak b\u00fcy\u00fck bir ilgiyle kar\u015f\u0131land\u0131. Beden e\u011fitimi \u00f6\u011fretmeni Fatma \u00d6zhan\u2019\u0131n davetlisi olarak gelen Kayar, \u00f6\u011frencilere sava\u015f sanatlar\u0131n\u0131n sadece&#8230;<\/p>\n","protected":false},"author":1,"featured_media":24231,"comment_status":"open","ping_status":"open","sticky":false,"template":"","format":"standard","meta":{"_crdt_document":"","footnotes":""},"categories":[4],"tags":[],"class_list":["post-24230","post","type-post","status-publish","format-standard","has-post-thumbnail","hentry","category-spor"],"_links":{"self":[{"href":"https:\/\/www.egemtv.com\/index.php?rest_route=\/wp\/v2\/posts\/24230","targetHints":{"allow":["GET"]}}],"collection":[{"href":"https:\/\/www.egemtv.com\/index.php?rest_route=\/wp\/v2\/posts"}],"about":[{"href":"https:\/\/www.egemtv.com\/index.php?rest_route=\/wp\/v2\/types\/post"}],"author":[{"embeddable":true,"href":"https:\/\/www.egemtv.com\/index.php?rest_route=\/wp\/v2\/users\/1"}],"replies":[{"embeddable":true,"href":"https:\/\/www.egemtv.com\/index.php?rest_route=%2Fwp%2Fv2%2Fcomments&post=24230"}],"version-history":[{"count":1,"href":"https:\/\/www.egemtv.com\/index.php?rest_route=\/wp\/v2\/posts\/24230\/revisions"}],"predecessor-version":[{"id":24232,"href":"https:\/\/www.egemtv.com\/index.php?rest_route=\/wp\/v2\/posts\/24230\/revisions\/24232"}],"wp:featuredmedia":[{"embeddable":true,"href":"https:\/\/www.egemtv.com\/index.php?rest_route=\/wp\/v2\/media\/24231"}],"wp:attachment":[{"href":"https:\/\/www.egemtv.com\/index.php?rest_route=%2Fwp%2Fv2%2Fmedia&parent=24230"}],"wp:term":[{"taxonomy":"category","embeddable":true,"href":"https:\/\/www.egemtv.com\/index.php?rest_route=%2Fwp%2Fv2%2Fcategories&post=24230"},{"taxonomy":"post_tag","embeddable":true,"href":"https:\/\/www.egemtv.com\/index.php?rest_route=%2Fwp%2Fv2%2Ftags&post=24230"}],"curies":[{"name":"wp","href":"https:\/\/api.w.org\/{rel}","templated":true}]}}