{"id":24227,"date":"2025-03-06T11:26:37","date_gmt":"2025-03-06T08:26:37","guid":{"rendered":"https:\/\/www.egemtv.com\/?p=24227"},"modified":"2025-03-06T11:26:40","modified_gmt":"2025-03-06T08:26:40","slug":"sultanhisar-kaymakami-ates-devlet-hastanesinde-incelemelerde-bulundu","status":"publish","type":"post","link":"https:\/\/www.egemtv.com\/?p=24227","title":{"rendered":"Sultanhisar Kaymakam\u0131 Ate\u015f, Devlet Hastanesi\u2019nde incelemelerde bulundu"},"content":{"rendered":"<p>Sultanhisar Kaymakam\u0131 Ali Ekber Ate\u015f, il\u00e7edeki sa\u011fl\u0131k hizmetlerini yerinde g\u00f6rmek ve de\u011ferlendirmek amac\u0131yla Sultanhisar Devlet Hastanesi\u2019ni ziyaret etti.<\/p>\n<p>Ziyaret s\u0131ras\u0131nda hastanenin farkl\u0131 birimlerini gezen Sultanhisar Kaymakam\u0131 Ali Ekber Ate\u015f, hastalar\u0131n tedavi s\u00fcre\u00e7lerini yak\u0131ndan g\u00f6zlemleyip, hastane personeliyle de g\u00f6r\u00fc\u015ferek onlar\u0131n g\u00f6r\u00fc\u015f ve \u00f6nerilerini dinledi. Kaymakam Ate\u015f, sa\u011fl\u0131k \u00e7al\u0131\u015fanlar\u0131n\u0131n i\u015flerini daha verimli bir \u015fekilde yapabilmeleri i\u00e7in gerekli deste\u011fi sa\u011flamaya devam edeceklerini belirtti. Ate\u015f, ziyaret s\u0131ras\u0131nda hastane y\u00f6netimiyle bir araya gelerek Ba\u015fhekim Emre Demirel ve Hastane M\u00fcd\u00fcr\u00fc M. Salih Aksu\u2019dan hastanenin mevcut durumu ve sa\u011fl\u0131k hizmetleri hakk\u0131nda bilgi ald\u0131. Yap\u0131lan incelemelerin ard\u0131ndan Kaymakam Ate\u015f, hastane \u00e7al\u0131\u015fanlar\u0131na te\u015fekk\u00fcr ederek hizmetlerin daha verimli hale getirilmesi i\u00e7in birlikte \u00e7al\u0131\u015fmaya devam edeceklerini belirtti.<br \/><\/p>\n","protected":false},"excerpt":{"rendered":"<p>Sultanhisar Kaymakam\u0131 Ali Ekber Ate\u015f, il\u00e7edeki sa\u011fl\u0131k hizmetlerini yerinde g\u00f6rmek ve de\u011ferlendirmek amac\u0131yla Sultanhisar Devlet Hastanesi\u2019ni ziyaret etti. Ziyaret s\u0131ras\u0131nda hastanenin farkl\u0131 birimlerini gezen Sultanhisar Kaymakam\u0131 Ali Ekber Ate\u015f, hastalar\u0131n tedavi s\u00fcre\u00e7lerini yak\u0131ndan g\u00f6zlemleyip, hastane personeliyle de g\u00f6r\u00fc\u015ferek onlar\u0131n g\u00f6r\u00fc\u015f ve \u00f6nerilerini dinledi. Kaymakam Ate\u015f, sa\u011fl\u0131k \u00e7al\u0131\u015fanlar\u0131n\u0131n i\u015flerini daha verimli bir \u015fekilde yapabilmeleri i\u00e7in gerekli&#8230;<\/p>\n","protected":false},"author":1,"featured_media":24228,"comment_status":"open","ping_status":"open","sticky":false,"template":"","format":"standard","meta":{"_crdt_document":"","footnotes":""},"categories":[1],"tags":[],"class_list":["post-24227","post","type-post","status-publish","format-standard","has-post-thumbnail","hentry","category-guncel"],"_links":{"self":[{"href":"https:\/\/www.egemtv.com\/index.php?rest_route=\/wp\/v2\/posts\/24227","targetHints":{"allow":["GET"]}}],"collection":[{"href":"https:\/\/www.egemtv.com\/index.php?rest_route=\/wp\/v2\/posts"}],"about":[{"href":"https:\/\/www.egemtv.com\/index.php?rest_route=\/wp\/v2\/types\/post"}],"author":[{"embeddable":true,"href":"https:\/\/www.egemtv.com\/index.php?rest_route=\/wp\/v2\/users\/1"}],"replies":[{"embeddable":true,"href":"https:\/\/www.egemtv.com\/index.php?rest_route=%2Fwp%2Fv2%2Fcomments&post=24227"}],"version-history":[{"count":1,"href":"https:\/\/www.egemtv.com\/index.php?rest_route=\/wp\/v2\/posts\/24227\/revisions"}],"predecessor-version":[{"id":24229,"href":"https:\/\/www.egemtv.com\/index.php?rest_route=\/wp\/v2\/posts\/24227\/revisions\/24229"}],"wp:featuredmedia":[{"embeddable":true,"href":"https:\/\/www.egemtv.com\/index.php?rest_route=\/wp\/v2\/media\/24228"}],"wp:attachment":[{"href":"https:\/\/www.egemtv.com\/index.php?rest_route=%2Fwp%2Fv2%2Fmedia&parent=24227"}],"wp:term":[{"taxonomy":"category","embeddable":true,"href":"https:\/\/www.egemtv.com\/index.php?rest_route=%2Fwp%2Fv2%2Fcategories&post=24227"},{"taxonomy":"post_tag","embeddable":true,"href":"https:\/\/www.egemtv.com\/index.php?rest_route=%2Fwp%2Fv2%2Ftags&post=24227"}],"curies":[{"name":"wp","href":"https:\/\/api.w.org\/{rel}","templated":true}]}}