{"id":24221,"date":"2025-03-06T11:26:28","date_gmt":"2025-03-06T08:26:28","guid":{"rendered":"https:\/\/www.egemtv.com\/?p=24221"},"modified":"2025-03-06T11:26:33","modified_gmt":"2025-03-06T08:26:33","slug":"turizm-sektoru-ogrencilerle-bulustu","status":"publish","type":"post","link":"https:\/\/www.egemtv.com\/?p=24221","title":{"rendered":"Turizm sekt\u00f6r\u00fc \u00f6\u011frencilerle bulu\u015ftu"},"content":{"rendered":"<p>MSK\u00dc Turizm Fak\u00fcltesi taraf\u0131ndan bu y\u0131l 19.su d\u00fczenlenen &#8220;Turizmde Okul-Sekt\u00f6r Bulu\u015fmas\u0131&#8221; etkinli\u011fi yo\u011fun kat\u0131l\u0131mla ger\u00e7ekle\u015ftirildi.<\/p>\n<p>Mu\u011fla S\u0131tk\u0131 Ko\u00e7man \u00dcniversitesi (MSK\u00dc) Turizm Fak\u00fcltesi taraf\u0131ndan 20 y\u0131l \u00f6nce turizm sekt\u00f6r\u00fcn\u00fcn eleman ihtiyac\u0131n\u0131n kar\u015f\u0131lanmas\u0131 amac\u0131yla ba\u015flat\u0131lan ve bu y\u0131l 19.su d\u00fczenlenen &#8220;Turizmde Okul-Sekt\u00f6r Bulu\u015fmas\u0131&#8221; etkinli\u011fi Atat\u00fcrk K\u00fclt\u00fcr Merkezi fuaye alan\u0131nda yap\u0131ld\u0131.<\/p>\n<p>Sekt\u00f6r temsilcilerinin kat\u0131ld\u0131\u011f\u0131 ve \u00f6\u011frencilerin b\u00fcy\u00fck ra\u011fbet g\u00f6sterdi\u011fi bulu\u015fmada, otel, tur, seyahat, yiyecek-i\u00e7ecek sekt\u00f6rlerinde faaliyet g\u00f6steren i\u015fletmeler stant a\u00e7t\u0131.<\/p>\n<p>Turizm Fak\u00fcltesi \u00f6\u011frencilerinin yo\u011fun ilgi g\u00f6sterdi\u011fi etkinlikte, \u00f6\u011frenciler okuduklar\u0131 alanlar ile ilgili yaz aylar\u0131nda \u00e7al\u0131\u015fmak \u00fczere sekt\u00f6r temsilcileriyle ikili g\u00f6r\u00fc\u015fme sonras\u0131 i\u015f ba\u015fvuru formu doldurdu.<\/p>\n<p>MSK\u00dc Rekt\u00f6r\u00fc Prof. Dr. Turhan Ka\u00e7ar, Rekt\u00f6r Yard\u0131mc\u0131lar\u0131 Prof. Dr. Deniz \u00dclgen, Prof. Dr. Hatice Hicret \u00d6zko\u00e7 ve Prof. Dr. Mustafa G\u00f6k\u00e7e ile Turizm Fak\u00fcltesi Dekan\u0131 Prof. Dr. G\u00f6khan Ayazlar, stantlar\u0131 tek tek gezerek sekt\u00f6r temsilcilerinden bilgi ald\u0131. Ayn\u0131 zamanda \u00f6\u011frencilerle de bir araya gelen Rekt\u00f6r Prof. Dr. Ka\u00e7ar, okul sekt\u00f6r bulu\u015fmas\u0131n\u0131n i\u015f imk\u00e2n\u0131 i\u00e7in ka\u00e7\u0131n\u0131lmaz bir f\u0131rsat oldu\u011funu hat\u0131rlatt\u0131.<\/p>\n<p>Etkinli\u011fe b\u00f6lgeden yakla\u015f\u0131k 100 turizm i\u015fletmesinin kat\u0131ld\u0131\u011f\u0131n\u0131 vurgulayan MSK\u00dc Turizm Fak\u00fcltesi Dekan\u0131 Prof. Dr. G\u00f6khan Ayazlar, &#8220;Amac\u0131m\u0131z turizm i\u015fletmeleriyle bu alanda e\u011fitim alan \u00f6\u011frencilerimizi bir araya getirerek yeni kariyer f\u0131rsatlar\u0131 olu\u015fturmak. Ayn\u0131 zamanda sekt\u00f6r\u00fcn e\u011fitim kurumlar\u0131ndan bekledi\u011fi nitelikli insan kayna\u011f\u0131 ihtiyac\u0131na y\u00f6nelik kendi \u00e7al\u0131\u015fmalar\u0131m\u0131z\u0131 d\u00fczenlemek. Bu bulu\u015fmalar\u0131n hem \u00f6\u011frenci y\u00f6n\u00fcyle hem i\u015fletme hem de fak\u00fcltemiz y\u00f6n\u00fcyle \u00e7ok \u00f6nemli \u00e7\u0131kt\u0131lar\u0131 oluyor. Bu \u00e7\u0131kt\u0131lar bizim gelece\u011fe y\u00f6nelik planlar\u0131m\u0131z\u0131 da \u00f6nemli \u00f6l\u00e7\u00fcde etkiliyor. T\u00fcm i\u015fletmelere te\u015fekk\u00fcr ederiz. Sadece kamp\u00fcs de\u011fil, il\u00e7elerden gelen ve t\u00fcm \u00f6\u011frencilerimiz turizm sekt\u00f6r\u00fcn\u00fcn kendilerine sundu\u011fu istihdam f\u0131rsatlar\u0131ndan yararlanabilecek&#8221; diye konu\u015ftu.<br \/><\/p>\n","protected":false},"excerpt":{"rendered":"<p>MSK\u00dc Turizm Fak\u00fcltesi taraf\u0131ndan bu y\u0131l 19.su d\u00fczenlenen &#8220;Turizmde Okul-Sekt\u00f6r Bulu\u015fmas\u0131&#8221; etkinli\u011fi yo\u011fun kat\u0131l\u0131mla ger\u00e7ekle\u015ftirildi. Mu\u011fla S\u0131tk\u0131 Ko\u00e7man \u00dcniversitesi (MSK\u00dc) Turizm Fak\u00fcltesi taraf\u0131ndan 20 y\u0131l \u00f6nce turizm sekt\u00f6r\u00fcn\u00fcn eleman ihtiyac\u0131n\u0131n kar\u015f\u0131lanmas\u0131 amac\u0131yla ba\u015flat\u0131lan ve bu y\u0131l 19.su d\u00fczenlenen &#8220;Turizmde Okul-Sekt\u00f6r Bulu\u015fmas\u0131&#8221; etkinli\u011fi Atat\u00fcrk K\u00fclt\u00fcr Merkezi fuaye alan\u0131nda yap\u0131ld\u0131. Sekt\u00f6r temsilcilerinin kat\u0131ld\u0131\u011f\u0131 ve \u00f6\u011frencilerin b\u00fcy\u00fck ra\u011fbet&#8230;<\/p>\n","protected":false},"author":1,"featured_media":24222,"comment_status":"open","ping_status":"open","sticky":false,"template":"","format":"standard","meta":{"_crdt_document":"","footnotes":""},"categories":[1],"tags":[],"class_list":["post-24221","post","type-post","status-publish","format-standard","has-post-thumbnail","hentry","category-guncel"],"_links":{"self":[{"href":"https:\/\/www.egemtv.com\/index.php?rest_route=\/wp\/v2\/posts\/24221","targetHints":{"allow":["GET"]}}],"collection":[{"href":"https:\/\/www.egemtv.com\/index.php?rest_route=\/wp\/v2\/posts"}],"about":[{"href":"https:\/\/www.egemtv.com\/index.php?rest_route=\/wp\/v2\/types\/post"}],"author":[{"embeddable":true,"href":"https:\/\/www.egemtv.com\/index.php?rest_route=\/wp\/v2\/users\/1"}],"replies":[{"embeddable":true,"href":"https:\/\/www.egemtv.com\/index.php?rest_route=%2Fwp%2Fv2%2Fcomments&post=24221"}],"version-history":[{"count":1,"href":"https:\/\/www.egemtv.com\/index.php?rest_route=\/wp\/v2\/posts\/24221\/revisions"}],"predecessor-version":[{"id":24223,"href":"https:\/\/www.egemtv.com\/index.php?rest_route=\/wp\/v2\/posts\/24221\/revisions\/24223"}],"wp:featuredmedia":[{"embeddable":true,"href":"https:\/\/www.egemtv.com\/index.php?rest_route=\/wp\/v2\/media\/24222"}],"wp:attachment":[{"href":"https:\/\/www.egemtv.com\/index.php?rest_route=%2Fwp%2Fv2%2Fmedia&parent=24221"}],"wp:term":[{"taxonomy":"category","embeddable":true,"href":"https:\/\/www.egemtv.com\/index.php?rest_route=%2Fwp%2Fv2%2Fcategories&post=24221"},{"taxonomy":"post_tag","embeddable":true,"href":"https:\/\/www.egemtv.com\/index.php?rest_route=%2Fwp%2Fv2%2Ftags&post=24221"}],"curies":[{"name":"wp","href":"https:\/\/api.w.org\/{rel}","templated":true}]}}