{"id":24215,"date":"2025-03-06T11:06:18","date_gmt":"2025-03-06T08:06:18","guid":{"rendered":"https:\/\/www.egemtv.com\/?p=24215"},"modified":"2025-03-06T11:06:21","modified_gmt":"2025-03-06T08:06:21","slug":"tavsanli-ataturk-anadolu-lisesi-genc-kizlar-boccede-kutahya-sampiyonu-oldu","status":"publish","type":"post","link":"https:\/\/www.egemtv.com\/?p=24215","title":{"rendered":"Tav\u015fanl\u0131 Atat\u00fcrk Anadolu Lisesi Gen\u00e7 K\u0131zlar Bocce\u2019de K\u00fctahya \u015fampiyonu oldu"},"content":{"rendered":"<p>K\u00fctahya\u2019n\u0131n Tav\u015fanl\u0131 il\u00e7esi Atat\u00fcrk Anadolu Lisesi Gen\u00e7 K\u0131zlar Bocce Tak\u0131m\u0131, K\u00fctahya\u2019da d\u00fczenlenen il \u015fampiyonas\u0131nda b\u00fcy\u00fck bir ba\u015far\u0131 elde ederek \u015fampiyon oldu.<br \/>\n<br \/>Halil Akka\u015f Spor Salonu\u2019nda ger\u00e7ekle\u015ftirilen m\u00fcsabakalarda, Beden E\u011fitimi \u00f6\u011fretmeni Emrah \u00d6zer y\u00f6netimindeki Nisa K\u0131p\u00e7ak, Ay\u015feg\u00fcl Ko\u00e7yi\u011fit, Vildan Kay\u0131 ve R\u00fcmeysa Karaman\u2019dan olu\u015fan okul tak\u0131m\u0131, t\u00fcm rakiplerini geride b\u0131rakarak K\u00fctahya \u015fampiyonu oldu ve b\u00f6lge m\u00fcsabakalar\u0131nda K\u00fctahya\u2019y\u0131 temsil etme hakk\u0131 kazand\u0131. Beden E\u011fitimi \u00d6\u011fretmeni Emrah \u00d6zer, ba\u015far\u0131n\u0131n ard\u0131ndan yapt\u0131\u011f\u0131 a\u00e7\u0131klamada, okul m\u00fcd\u00fcr\u00fc G\u00f6ksel Uysal\u2019\u0131n tak\u0131ma b\u00fcy\u00fck destek verdi\u011fini belirtti. \u00d6zer, &#8220;Okul m\u00fcd\u00fcr\u00fcm\u00fcz G\u00f6ksel Uysal, okulumuza bocce sahas\u0131 kazand\u0131rd\u0131. Ayr\u0131ca bizlere maddi ve manevi destek sa\u011flad\u0131. \u00d6\u011frencilerimizin azimli \u00e7al\u0131\u015fmas\u0131 neticesinde bizlere bu gururu ya\u015fatt\u0131lar. \u00d6\u011frencilerimi kutlar\u0131m. \u0130limizi en iyi \u015fekilde b\u00f6lgede temsil edece\u011fiz&#8221; dedi.<br \/>\n<br \/>K\u00fctahya \u015fampiyonu olan Tav\u015fanl\u0131 Atat\u00fcrk Anadolu Lisesi Gen\u00e7 K\u0131zlar Bocce Tak\u0131m\u0131, b\u00f6lge \u015fampiyonas\u0131nda da iddial\u0131. Tak\u0131m, K\u00fctahya\u2019y\u0131 en iyi \u015fekilde temsil ederek ba\u015far\u0131lar\u0131na bir yenisini daha eklemek istiyor.<br \/><\/p>\n","protected":false},"excerpt":{"rendered":"<p>K\u00fctahya\u2019n\u0131n Tav\u015fanl\u0131 il\u00e7esi Atat\u00fcrk Anadolu Lisesi Gen\u00e7 K\u0131zlar Bocce Tak\u0131m\u0131, K\u00fctahya\u2019da d\u00fczenlenen il \u015fampiyonas\u0131nda b\u00fcy\u00fck bir ba\u015far\u0131 elde ederek \u015fampiyon oldu. Halil Akka\u015f Spor Salonu\u2019nda ger\u00e7ekle\u015ftirilen m\u00fcsabakalarda, Beden E\u011fitimi \u00f6\u011fretmeni Emrah \u00d6zer y\u00f6netimindeki Nisa K\u0131p\u00e7ak, Ay\u015feg\u00fcl Ko\u00e7yi\u011fit, Vildan Kay\u0131 ve R\u00fcmeysa Karaman\u2019dan olu\u015fan okul tak\u0131m\u0131, t\u00fcm rakiplerini geride b\u0131rakarak K\u00fctahya \u015fampiyonu oldu ve b\u00f6lge m\u00fcsabakalar\u0131nda&#8230;<\/p>\n","protected":false},"author":1,"featured_media":24216,"comment_status":"open","ping_status":"open","sticky":false,"template":"","format":"standard","meta":{"_crdt_document":"","footnotes":""},"categories":[4],"tags":[],"class_list":["post-24215","post","type-post","status-publish","format-standard","has-post-thumbnail","hentry","category-spor"],"_links":{"self":[{"href":"https:\/\/www.egemtv.com\/index.php?rest_route=\/wp\/v2\/posts\/24215","targetHints":{"allow":["GET"]}}],"collection":[{"href":"https:\/\/www.egemtv.com\/index.php?rest_route=\/wp\/v2\/posts"}],"about":[{"href":"https:\/\/www.egemtv.com\/index.php?rest_route=\/wp\/v2\/types\/post"}],"author":[{"embeddable":true,"href":"https:\/\/www.egemtv.com\/index.php?rest_route=\/wp\/v2\/users\/1"}],"replies":[{"embeddable":true,"href":"https:\/\/www.egemtv.com\/index.php?rest_route=%2Fwp%2Fv2%2Fcomments&post=24215"}],"version-history":[{"count":1,"href":"https:\/\/www.egemtv.com\/index.php?rest_route=\/wp\/v2\/posts\/24215\/revisions"}],"predecessor-version":[{"id":24217,"href":"https:\/\/www.egemtv.com\/index.php?rest_route=\/wp\/v2\/posts\/24215\/revisions\/24217"}],"wp:featuredmedia":[{"embeddable":true,"href":"https:\/\/www.egemtv.com\/index.php?rest_route=\/wp\/v2\/media\/24216"}],"wp:attachment":[{"href":"https:\/\/www.egemtv.com\/index.php?rest_route=%2Fwp%2Fv2%2Fmedia&parent=24215"}],"wp:term":[{"taxonomy":"category","embeddable":true,"href":"https:\/\/www.egemtv.com\/index.php?rest_route=%2Fwp%2Fv2%2Fcategories&post=24215"},{"taxonomy":"post_tag","embeddable":true,"href":"https:\/\/www.egemtv.com\/index.php?rest_route=%2Fwp%2Fv2%2Ftags&post=24215"}],"curies":[{"name":"wp","href":"https:\/\/api.w.org\/{rel}","templated":true}]}}