{"id":24212,"date":"2025-03-06T10:46:44","date_gmt":"2025-03-06T07:46:44","guid":{"rendered":"https:\/\/www.egemtv.com\/?p=24212"},"modified":"2025-03-06T10:46:48","modified_gmt":"2025-03-06T07:46:48","slug":"altinokta-korler-dernegi-aydin-subesinden-anlamli-cagri","status":"publish","type":"post","link":"https:\/\/www.egemtv.com\/?p=24212","title":{"rendered":"Alt\u0131nokta K\u00f6rler Derne\u011fi Ayd\u0131n \u015eubesi\u2019nden anlaml\u0131 \u00e7a\u011fr\u0131"},"content":{"rendered":"<p>Ramazan ay\u0131n\u0131n manevi atmosferinde yard\u0131mla\u015fma ve dayan\u0131\u015fman\u0131n \u00f6nemi bir kez daha vurgulan\u0131rken, Alt\u0131 Nokta K\u00f6rler Derne\u011fi Ayd\u0131n \u015eubesi, hay\u0131rseverleri anlaml\u0131 bir destek kampanyas\u0131na davet etti.<\/p>\n<p>Ramazan ay\u0131n\u0131n manevi atmosferinde yard\u0131mla\u015fma ve dayan\u0131\u015fman\u0131n \u00f6nemi vurgulan Alt\u0131 Nokta K\u00f6rler Derne\u011fi Ayd\u0131n \u015eube Ba\u015fkan\u0131 Bayram \u00d6zen, hay\u0131rseverleri anlaml\u0131 bir destek kampanyas\u0131na davet etti. Dernek Ba\u015fkan\u0131 Bayram \u00d6zen, fitre ve zekat ba\u011f\u0131\u015flar\u0131n\u0131n g\u00f6rme engelliler i\u00e7in hayati bir ihtiya\u00e7 olan beyaz baston temini amac\u0131yla kullan\u0131laca\u011f\u0131n\u0131 duyurdu. Ba\u015fkan \u00d6zen konuya ili\u015fkin yapt\u0131\u011f\u0131 a\u00e7\u0131klamada, beyaz bastonun sadece bir yard\u0131mc\u0131 gere\u00e7 de\u011fil, ayn\u0131 zamanda g\u00f6rme engellilerin ba\u011f\u0131ms\u0131z hareket edebilmesi i\u00e7in vazge\u00e7ilmez bir ara\u00e7 oldu\u011funu belirterek, &#8220;Beyaz baston, g\u00f6rme engellilerin g\u00fcnl\u00fck hayatta \u00f6zg\u00fcrce hareket etmelerini sa\u011flayan bir yol arkada\u015f\u0131d\u0131r. Ancak ne yaz\u0131k ki, bir\u00e7ok g\u00f6rme engelli birey ekonomik nedenlerle bu temel ihtiyac\u0131n\u0131 kar\u015f\u0131layam\u0131yor. Ramazan ay\u0131n\u0131n bereketini payla\u015farak, fitre ve zek\u00e2tlar\u0131n\u0131z\u0131 derne\u011fimize ba\u011f\u0131\u015flad\u0131\u011f\u0131n\u0131zda, g\u00f6rme engelli bireylerimize umut olabilirsiniz&#8221; dedi.<\/p>\n<p>Hay\u0131rsever vatanda\u015flar\u0131n fitre ve zekatlar\u0131n\u0131 Alt\u0131 Nokta K\u00f6rler Derne\u011fi Ayd\u0131n \u015eubesi\u2019ne ba\u011f\u0131\u015flayarak dayan\u0131\u015fmaya katk\u0131da bulunabileceklerini s\u00f6zlerine ekleyen \u00d6zen, &#8220;Kampanya hakk\u0131nda detayl\u0131 bilgi almak ya da ba\u011f\u0131\u015f konusunda destek almak isteyenler, dernekle ileti\u015fime ge\u00e7ebilirler. Ba\u011f\u0131\u015f yapan herkes, g\u00f6rme engelli bireylerin daha ba\u011f\u0131ms\u0131z bir ya\u015fam s\u00fcrmesine katk\u0131 sa\u011flayarak Ramazan\u2019\u0131n ruhuna uygun bir harekette bulunmu\u015f olacak. Ba\u011f\u0131\u015f ve destekleriniz i\u00e7in \u015fimdiden te\u015fekk\u00fcr ederiz&#8221; diye konu\u015ftu.<br \/><\/p>\n","protected":false},"excerpt":{"rendered":"<p>Ramazan ay\u0131n\u0131n manevi atmosferinde yard\u0131mla\u015fma ve dayan\u0131\u015fman\u0131n \u00f6nemi bir kez daha vurgulan\u0131rken, Alt\u0131 Nokta K\u00f6rler Derne\u011fi Ayd\u0131n \u015eubesi, hay\u0131rseverleri anlaml\u0131 bir destek kampanyas\u0131na davet etti. Ramazan ay\u0131n\u0131n manevi atmosferinde yard\u0131mla\u015fma ve dayan\u0131\u015fman\u0131n \u00f6nemi vurgulan Alt\u0131 Nokta K\u00f6rler Derne\u011fi Ayd\u0131n \u015eube Ba\u015fkan\u0131 Bayram \u00d6zen, hay\u0131rseverleri anlaml\u0131 bir destek kampanyas\u0131na davet etti. Dernek Ba\u015fkan\u0131 Bayram \u00d6zen, fitre&#8230;<\/p>\n","protected":false},"author":1,"featured_media":24213,"comment_status":"open","ping_status":"open","sticky":false,"template":"","format":"standard","meta":{"_crdt_document":"","footnotes":""},"categories":[1],"tags":[],"class_list":["post-24212","post","type-post","status-publish","format-standard","has-post-thumbnail","hentry","category-guncel"],"_links":{"self":[{"href":"https:\/\/www.egemtv.com\/index.php?rest_route=\/wp\/v2\/posts\/24212","targetHints":{"allow":["GET"]}}],"collection":[{"href":"https:\/\/www.egemtv.com\/index.php?rest_route=\/wp\/v2\/posts"}],"about":[{"href":"https:\/\/www.egemtv.com\/index.php?rest_route=\/wp\/v2\/types\/post"}],"author":[{"embeddable":true,"href":"https:\/\/www.egemtv.com\/index.php?rest_route=\/wp\/v2\/users\/1"}],"replies":[{"embeddable":true,"href":"https:\/\/www.egemtv.com\/index.php?rest_route=%2Fwp%2Fv2%2Fcomments&post=24212"}],"version-history":[{"count":1,"href":"https:\/\/www.egemtv.com\/index.php?rest_route=\/wp\/v2\/posts\/24212\/revisions"}],"predecessor-version":[{"id":24214,"href":"https:\/\/www.egemtv.com\/index.php?rest_route=\/wp\/v2\/posts\/24212\/revisions\/24214"}],"wp:featuredmedia":[{"embeddable":true,"href":"https:\/\/www.egemtv.com\/index.php?rest_route=\/wp\/v2\/media\/24213"}],"wp:attachment":[{"href":"https:\/\/www.egemtv.com\/index.php?rest_route=%2Fwp%2Fv2%2Fmedia&parent=24212"}],"wp:term":[{"taxonomy":"category","embeddable":true,"href":"https:\/\/www.egemtv.com\/index.php?rest_route=%2Fwp%2Fv2%2Fcategories&post=24212"},{"taxonomy":"post_tag","embeddable":true,"href":"https:\/\/www.egemtv.com\/index.php?rest_route=%2Fwp%2Fv2%2Ftags&post=24212"}],"curies":[{"name":"wp","href":"https:\/\/api.w.org\/{rel}","templated":true}]}}