{"id":24209,"date":"2025-03-06T10:46:39","date_gmt":"2025-03-06T07:46:39","guid":{"rendered":"https:\/\/www.egemtv.com\/?p=24209"},"modified":"2025-03-06T10:46:44","modified_gmt":"2025-03-06T07:46:44","slug":"siberay-programi-ilcelerde-de-devam-ediyor","status":"publish","type":"post","link":"https:\/\/www.egemtv.com\/?p=24209","title":{"rendered":"Siberay program\u0131 il\u00e7elerde de devam ediyor"},"content":{"rendered":"<p>Afyonkarahisar \u0130l Emniyet M\u00fcd\u00fcrl\u00fc\u011f\u00fc taraf\u0131ndan g\u00fcvenli internet ortam\u0131 \u00e7er\u00e7evesinde okul \u00f6\u011frencilerine y\u00f6nelik ba\u015flat\u0131lan Siberay program\u0131 il\u00e7elerde de devam ediyor.<br \/>\n<br \/>Ger\u00e7ekle\u015ftirilen e\u011fitim program\u0131 ile ilgili kurumdan yap\u0131lan yaz\u0131l\u0131 a\u00e7\u0131klamada, &#8220;Siber su\u00e7lar\u0131n ger\u00e7ekle\u015fmeden engellenmesi, maddi manevi zararlar\u0131n en aza indirgenmesi, fark\u0131ndal\u0131k ve bilin\u00e7lendirme faaliyetleri devam ediyor. Bu do\u011frultuda Sultanda\u011f\u0131 il\u00e7emizde ortaokul ve lise grubuna \u2018G\u00fcvenli ve Bilin\u00e7li \u0130nternet Kullan\u0131m\u0131, Siber Zorbal\u0131k, Teknoloji Ba\u011f\u0131ml\u0131l\u0131\u011f\u0131 ve Dijital Okur Yazarl\u0131k\u2019 konular\u0131nda toplam 75 \u00f6\u011frenci ve 5 \u00f6\u011fretmene bilgilendirme faaliyeti ger\u00e7ekle\u015ftirilmi\u015ftir&#8221; ifadelerine yer verildi.<br \/><\/p>\n","protected":false},"excerpt":{"rendered":"<p>Afyonkarahisar \u0130l Emniyet M\u00fcd\u00fcrl\u00fc\u011f\u00fc taraf\u0131ndan g\u00fcvenli internet ortam\u0131 \u00e7er\u00e7evesinde okul \u00f6\u011frencilerine y\u00f6nelik ba\u015flat\u0131lan Siberay program\u0131 il\u00e7elerde de devam ediyor. Ger\u00e7ekle\u015ftirilen e\u011fitim program\u0131 ile ilgili kurumdan yap\u0131lan yaz\u0131l\u0131 a\u00e7\u0131klamada, &#8220;Siber su\u00e7lar\u0131n ger\u00e7ekle\u015fmeden engellenmesi, maddi manevi zararlar\u0131n en aza indirgenmesi, fark\u0131ndal\u0131k ve bilin\u00e7lendirme faaliyetleri devam ediyor. Bu do\u011frultuda Sultanda\u011f\u0131 il\u00e7emizde ortaokul ve lise grubuna \u2018G\u00fcvenli ve Bilin\u00e7li&#8230;<\/p>\n","protected":false},"author":1,"featured_media":24210,"comment_status":"open","ping_status":"open","sticky":false,"template":"","format":"standard","meta":{"_crdt_document":"","footnotes":""},"categories":[1],"tags":[],"class_list":["post-24209","post","type-post","status-publish","format-standard","has-post-thumbnail","hentry","category-guncel"],"_links":{"self":[{"href":"https:\/\/www.egemtv.com\/index.php?rest_route=\/wp\/v2\/posts\/24209","targetHints":{"allow":["GET"]}}],"collection":[{"href":"https:\/\/www.egemtv.com\/index.php?rest_route=\/wp\/v2\/posts"}],"about":[{"href":"https:\/\/www.egemtv.com\/index.php?rest_route=\/wp\/v2\/types\/post"}],"author":[{"embeddable":true,"href":"https:\/\/www.egemtv.com\/index.php?rest_route=\/wp\/v2\/users\/1"}],"replies":[{"embeddable":true,"href":"https:\/\/www.egemtv.com\/index.php?rest_route=%2Fwp%2Fv2%2Fcomments&post=24209"}],"version-history":[{"count":1,"href":"https:\/\/www.egemtv.com\/index.php?rest_route=\/wp\/v2\/posts\/24209\/revisions"}],"predecessor-version":[{"id":24211,"href":"https:\/\/www.egemtv.com\/index.php?rest_route=\/wp\/v2\/posts\/24209\/revisions\/24211"}],"wp:featuredmedia":[{"embeddable":true,"href":"https:\/\/www.egemtv.com\/index.php?rest_route=\/wp\/v2\/media\/24210"}],"wp:attachment":[{"href":"https:\/\/www.egemtv.com\/index.php?rest_route=%2Fwp%2Fv2%2Fmedia&parent=24209"}],"wp:term":[{"taxonomy":"category","embeddable":true,"href":"https:\/\/www.egemtv.com\/index.php?rest_route=%2Fwp%2Fv2%2Fcategories&post=24209"},{"taxonomy":"post_tag","embeddable":true,"href":"https:\/\/www.egemtv.com\/index.php?rest_route=%2Fwp%2Fv2%2Ftags&post=24209"}],"curies":[{"name":"wp","href":"https:\/\/api.w.org\/{rel}","templated":true}]}}