{"id":24206,"date":"2025-03-06T10:46:34","date_gmt":"2025-03-06T07:46:34","guid":{"rendered":"https:\/\/www.egemtv.com\/?p=24206"},"modified":"2025-03-06T10:46:39","modified_gmt":"2025-03-06T07:46:39","slug":"mugla-valisi-akbiyik-sehit-piyade-er-osman-karanin-ailesine-iftarda-konuk-oldu","status":"publish","type":"post","link":"https:\/\/www.egemtv.com\/?p=24206","title":{"rendered":"Mu\u011fla Valisi Akb\u0131y\u0131k \u015eehit Piyade Er Osman Kara\u2019n\u0131n ailesine iftarda konuk oldu"},"content":{"rendered":"<p>Mu\u011fla Valisi Dr. \u0130dris Akb\u0131y\u0131k ve e\u015fi Sevim Akb\u0131y\u0131k \u015eehit Piyade Er Osman Kara\u2019n\u0131n ailesine iftarda konuk oldu. Vali Akb\u0131y\u0131k \u015fehidin e\u015fi Saniye Kara, o\u011flu Muhammet Kara, gelini Duygu Kara ile \u015fehidimizin torunlar\u0131 Osman ve Cemre ile birlikte iftar\u0131n ard\u0131ndan sohbet etti.<br \/>\n<br \/>Valimiz Say\u0131n Dr. \u0130dris Akb\u0131y\u0131k, &#8220;Ramazan\u2019\u0131n bereketini, dayan\u0131\u015fmas\u0131n\u0131 ve karde\u015flik ruhunu \u015fehit ailelerimizle payla\u015fmak, onlar\u0131n yan\u0131nda olmak, dualar\u0131n\u0131 almak bizim i\u00e7in en b\u00fcy\u00fck onurdur. Vatan\u0131m\u0131z u\u011fruna canlar\u0131n\u0131 feda eden t\u00fcm \u015fehitlerimizi rahmet ve minnetle an\u0131yoruz. Aziz \u015fehitlerimizin ruhlar\u0131 \u015fad olsun&#8221; dedi.<br \/><\/p>\n","protected":false},"excerpt":{"rendered":"<p>Mu\u011fla Valisi Dr. \u0130dris Akb\u0131y\u0131k ve e\u015fi Sevim Akb\u0131y\u0131k \u015eehit Piyade Er Osman Kara\u2019n\u0131n ailesine iftarda konuk oldu. Vali Akb\u0131y\u0131k \u015fehidin e\u015fi Saniye Kara, o\u011flu Muhammet Kara, gelini Duygu Kara ile \u015fehidimizin torunlar\u0131 Osman ve Cemre ile birlikte iftar\u0131n ard\u0131ndan sohbet etti. Valimiz Say\u0131n Dr. \u0130dris Akb\u0131y\u0131k, &#8220;Ramazan\u2019\u0131n bereketini, dayan\u0131\u015fmas\u0131n\u0131 ve karde\u015flik ruhunu \u015fehit ailelerimizle&#8230;<\/p>\n","protected":false},"author":1,"featured_media":24207,"comment_status":"open","ping_status":"open","sticky":false,"template":"","format":"standard","meta":{"_crdt_document":"","footnotes":""},"categories":[1],"tags":[],"class_list":["post-24206","post","type-post","status-publish","format-standard","has-post-thumbnail","hentry","category-guncel"],"_links":{"self":[{"href":"https:\/\/www.egemtv.com\/index.php?rest_route=\/wp\/v2\/posts\/24206","targetHints":{"allow":["GET"]}}],"collection":[{"href":"https:\/\/www.egemtv.com\/index.php?rest_route=\/wp\/v2\/posts"}],"about":[{"href":"https:\/\/www.egemtv.com\/index.php?rest_route=\/wp\/v2\/types\/post"}],"author":[{"embeddable":true,"href":"https:\/\/www.egemtv.com\/index.php?rest_route=\/wp\/v2\/users\/1"}],"replies":[{"embeddable":true,"href":"https:\/\/www.egemtv.com\/index.php?rest_route=%2Fwp%2Fv2%2Fcomments&post=24206"}],"version-history":[{"count":1,"href":"https:\/\/www.egemtv.com\/index.php?rest_route=\/wp\/v2\/posts\/24206\/revisions"}],"predecessor-version":[{"id":24208,"href":"https:\/\/www.egemtv.com\/index.php?rest_route=\/wp\/v2\/posts\/24206\/revisions\/24208"}],"wp:featuredmedia":[{"embeddable":true,"href":"https:\/\/www.egemtv.com\/index.php?rest_route=\/wp\/v2\/media\/24207"}],"wp:attachment":[{"href":"https:\/\/www.egemtv.com\/index.php?rest_route=%2Fwp%2Fv2%2Fmedia&parent=24206"}],"wp:term":[{"taxonomy":"category","embeddable":true,"href":"https:\/\/www.egemtv.com\/index.php?rest_route=%2Fwp%2Fv2%2Fcategories&post=24206"},{"taxonomy":"post_tag","embeddable":true,"href":"https:\/\/www.egemtv.com\/index.php?rest_route=%2Fwp%2Fv2%2Ftags&post=24206"}],"curies":[{"name":"wp","href":"https:\/\/api.w.org\/{rel}","templated":true}]}}