{"id":24203,"date":"2025-03-06T10:26:14","date_gmt":"2025-03-06T07:26:14","guid":{"rendered":"https:\/\/www.egemtv.com\/?p=24203"},"modified":"2025-03-06T10:26:19","modified_gmt":"2025-03-06T07:26:19","slug":"izmirde-kadin-emegi-kenti-guzellestiriyor","status":"publish","type":"post","link":"https:\/\/www.egemtv.com\/?p=24203","title":{"rendered":"\u0130zmir\u2019de kad\u0131n eme\u011fi kenti g\u00fczelle\u015ftiriyor"},"content":{"rendered":"<p>Kad\u0131n istihdam\u0131n\u0131 destekleyen \u0130zmir B\u00fcy\u00fck\u015fehir Belediyesi, bu alanda \u00f6nemli ad\u0131mlar at\u0131yor. Kritik g\u00f6revlerin yan\u0131 s\u0131ra bir\u00e7ok alanda s\u00f6z sahibi olan kad\u0131nlardan kimi daha sa\u011fl\u0131kl\u0131 bir kent, kimi ise d\u00fczenli bir \u015fehir i\u00e7in \u00e7al\u0131\u015f\u0131yor. Emek ve al\u0131n teri ile \u0130zmir\u2019i g\u00fczelle\u015ftiren kad\u0131nlar, hayata de\u011fer kat\u0131yor. Kad\u0131n s\u00fcp\u00fcrgeciler sokaklar\u0131 titizlikle temizlerken, kad\u0131n zab\u0131talar da g\u00fcvenli ve d\u00fczenli bir kent i\u00e7in \u00e7al\u0131\u015f\u0131yor.<br \/>\n<br \/>\u0130zmir B\u00fcy\u00fck\u015fehir Belediyesi\u2019nin kad\u0131n istihdam\u0131n\u0131 destekleyen politikalar\u0131, kad\u0131nlar\u0131n i\u015f hayat\u0131na kazand\u0131r\u0131lmas\u0131na katk\u0131 sunarak topluma \u00f6rnek oluyor. Belediyenin kritik birimlerinin yan\u0131 s\u0131ra sokak temizli\u011fi, operat\u00f6r, zab\u0131ta ve daha bir\u00e7ok alanda \u00e7al\u0131\u015fan kad\u0131nlar, i\u015fini severek y\u00fcr\u00fct\u00fcyor. Her alanda s\u00f6z\u00fc olan kad\u0131nlar\u0131n eme\u011fi, kenti g\u00fczelle\u015ftiriyor. Kad\u0131n s\u00fcp\u00fcrgeciler de sabah\u0131n erken saatlerinde i\u015fba\u015f\u0131 yaparak, B\u00fcy\u00fck\u015fehir Belediyesi\u2019nin sorumluluk sahas\u0131ndaki cadde, meydan ve bulvarlar\u0131 s\u00fcp\u00fcr\u00fcyor.<\/p>\n<p>&#8220;\u00d6nce kad\u0131nlar\u0131 g\u00fczelle\u015ftiriyordum \u015fimdi sokaklar\u0131&#8221;<br \/>\n<br \/>\u0130zmir B\u00fcy\u00fck\u015fehir Belediyesi \u0130klim De\u011fi\u015fikli\u011fi ve S\u0131f\u0131r At\u0131k Dairesi Ba\u015fkanl\u0131\u011f\u0131 Kent Temizli\u011fi \u015eube M\u00fcd\u00fcrl\u00fc\u011f\u00fc\u2019nde sokak s\u00fcp\u00fcrgecisi olarak g\u00f6rev yapan kad\u0131nlardan Sinem Erkan, daha \u00f6nce kad\u0131n kuaf\u00f6rl\u00fc\u011f\u00fc yapt\u0131\u011f\u0131n\u0131 belirtti. \u015eimdiki i\u015fini severek yapt\u0131\u011f\u0131n\u0131 belirten Sinem Erkan, &#8220;Kad\u0131nlar\u0131n \u00e7al\u0131\u015fma alan\u0131nda olmas\u0131 \u00f6nemli. 15 y\u0131l boyunca kuaf\u00f6rl\u00fck yapt\u0131m. O zaman kad\u0131nlar\u0131 g\u00fczelle\u015ftiriyordum, \u015fimdi de sokaklar\u0131m\u0131z\u0131. Kad\u0131n s\u00fcp\u00fcrgeci olarak ilk ba\u015flad\u0131\u011f\u0131m\u0131zda insanlar biraz yad\u0131rgad\u0131 ama \u015fimdi herkes bize te\u015fekk\u00fcr ediyor. Biz de i\u015fimizi b\u00fcy\u00fck bir sevgi ile yap\u0131yoruz. \u0130nsanlardan g\u00fczel tepkiler g\u00f6rd\u00fck\u00e7e gururlan\u0131yoruz&#8221; dedi.<\/p>\n<p>&#8220;Hayat\u0131m\u0131zdaki \u00f6zeni sokaklara da yans\u0131t\u0131yoruz&#8221;<br \/>\n<br \/>S\u00fcp\u00fcrgeci \u00d6zg\u00fcl Balaban da do\u011fup b\u00fcy\u00fcd\u00fc\u011f\u00fc \u015fehre hizmet etmenin gururunu ta\u015f\u0131d\u0131\u011f\u0131n\u0131 aktard\u0131. Kad\u0131nlar\u0131n ya\u015fam alanlar\u0131nda \u00e7ok titiz oldu\u011funu ifade eden Balaban, &#8220;Kendi hayat\u0131m\u0131zda nas\u0131l titizsek, bunu sokaklara da yans\u0131t\u0131yoruz. Burada da ayn\u0131 d\u00fczeni sa\u011fl\u0131yoruz&#8221; diye konu\u015ftu. Daha \u00f6nce kasiyer olarak \u00e7al\u0131\u015fan Nazl\u0131can G\u00fclery\u00fcz ise i\u015fini severek yapt\u0131\u011f\u0131n\u0131 s\u00f6yledi. \u0130zmirlilerin de kente sahip \u00e7\u0131kmas\u0131n\u0131 isteyen G\u00fclery\u00fcz, &#8220;Daha sa\u011fl\u0131kl\u0131 bir \u0130zmir i\u00e7in yurtta\u015flar\u0131n \u00e7\u00f6plerini yerlere de\u011fil de \u00e7\u00f6p kovalar\u0131na atmalar\u0131n\u0131 rica ediyoruz&#8221; dedi.<\/p>\n<p>&#8220;Kendimle gurur duyuyorum&#8221;<br \/>\n<br \/>Evli ve iki \u00e7ocuk annesi olan \u00e7\u00f6p s\u00fcp\u00fcrme arac\u0131 operat\u00f6r\u00fc Hanife \u00d6zt\u00fcrk ise bu mesle\u011fi yapt\u0131\u011f\u0131 i\u00e7in kendisiyle gurur duydu\u011funu vurgulad\u0131. \u00d6zt\u00fcrk, &#8220;E\u015fim, k\u0131z\u0131m ve o\u011flum benim bu arac\u0131 kulland\u0131\u011f\u0131m\u0131 g\u00f6r\u00fcnce \u00e7ok \u015fa\u015f\u0131rd\u0131 ve gurur duydu. \u0130\u015fimi \u00e7ok severek yap\u0131yorum. Operat\u00f6r olmay\u0131 ben istedim. Kad\u0131n olarak topluma \u00f6rnek olmak istedim. Bizler temiz bir \u0130zmir istiyoruz ve bunun i\u00e7in \u00e7al\u0131\u015f\u0131yoruz&#8221; diye konu\u015ftu.<\/p>\n<p>&#8220;Evimizi temizler gibi sokaklar\u0131 temizliyoruz&#8221;<br \/>\n<br \/>T\u00fcm \u00e7al\u0131\u015fanlar\u0131n i\u015fini severek yapt\u0131\u011f\u0131n\u0131 s\u00f6yleyen \u0130klim De\u011fi\u015fikli\u011fi ve S\u0131f\u0131r At\u0131k Dairesi Ba\u015fkanl\u0131\u011f\u0131 Kent Temizli\u011fi \u015eube M\u00fcd\u00fcrl\u00fc\u011f\u00fc Konak 1 B\u00f6lge Amiri \u00d6zlem Pelivan da &#8220;Bir kad\u0131n\u0131n \u00f6zeni, sokaklar\u0131 temizlerken de hissediliyor. Evimizi temizler gibi sokaklar\u0131 temizliyoruz. B\u00fct\u00fcn \u00f6zverimizle \u00e7al\u0131\u015f\u0131yoruz ancak sizlerde l\u00fctfen yerlere \u00e7\u00f6p atmay\u0131n&#8221; dedi.<\/p>\n<p>&#8220;Kad\u0131nlar y\u0131l\u0131n her g\u00fcn\u00fc de\u011ferli&#8221;<br \/>\n<br \/>\u0130zmir B\u00fcy\u00fck\u015fehir Belediyesi\u2019nin kad\u0131n zab\u0131ta personeli ise g\u00fcvenli ve d\u00fczenli bir kent i\u00e7in emek harc\u0131yor. \u0130zmir B\u00fcy\u00fck\u015fehir Belediyesi Zab\u0131ta Dairesi Ba\u015fkanl\u0131\u011f\u0131 Bisikletli Ekipler Amirli\u011fi\u2019nde g\u00f6revli zab\u0131ta memuru Sinem \u00d6zan da belediyenin topluma d\u00f6n\u00fck binlerce y\u00fcz\u00fcnden sadece biri. Kentte sahil \u015feridi, yaya yollar\u0131, kald\u0131r\u0131m i\u015fgallerini b\u00fct\u00fcn g\u00fcn bisiklet s\u00fcrerek kontrol alt\u0131nda tutmaya \u00e7al\u0131\u015fan \u00d6zan, &#8220;Vatanda\u015flar\u0131m\u0131z\u0131n sa\u011fl\u0131kl\u0131, huzurlu \u015fekilde, herhangi bir engelle kar\u015f\u0131la\u015fmadan g\u00fcnl\u00fck ya\u015famlar\u0131n\u0131 s\u00fcrd\u00fcrmesi i\u00e7in g\u00f6rev yap\u0131yoruz. Yurtta\u015flar kad\u0131n memurlar\u0131 g\u00f6r\u00fcnce g\u00fczel tepki veriyor. Sahada kad\u0131n ve erkek g\u00f6zetmeksizin hepimiz ayn\u0131 zorluklarla kar\u015f\u0131la\u015f\u0131yoruz. Kad\u0131nlar toplumun temel yap\u0131 ta\u015f\u0131n\u0131 olu\u015fturan, gelecek nesilleri yeti\u015ftirenlerdir. O nedenle y\u0131l\u0131n her g\u00fcn\u00fc k\u0131ymeti ve de\u011feri bilinmeli&#8221; dedi.<\/p>\n<p>&#8220;Kad\u0131n\u0131n elinin de\u011fdi\u011fi her yer g\u00fczelle\u015fiyor&#8221;<br \/>\n<br \/>Zab\u0131ta memuru Esra Zilek ise kad\u0131n olman\u0131n ruhunda insanlara yard\u0131m etmenin sorumlulu\u011fu oldu\u011funu ifade etti. Zilek, &#8220;Sahade \u00e7al\u0131\u015fan bir kad\u0131n olarak yurtta\u015flara dokunmak, onlara yard\u0131m etmek, zor durumda kalmamalar\u0131 i\u00e7in gerekli \u00f6nlemleri almak beni ben yapan bir g\u00fc\u00e7. 8 Mart D\u00fcnya Emek\u00e7i Kad\u0131nlar G\u00fcn\u00fc \u00e7ok \u00f6nemli g\u00fcn. Ama bug\u00fcn\u00fcn \u00f6nemi her zaman anla\u015f\u0131lmal\u0131. Bir g\u00fcne s\u0131\u011fd\u0131r\u0131lmamal\u0131. Kad\u0131nlar ya\u015fam\u0131n i\u00e7erisinde var oldu\u011fu zaman \u00e7ok daha farkl\u0131 oluyor. Kad\u0131nlar girdi\u011fi ortam\u0131 d\u00fczenliyor, g\u00fczelle\u015ftiriyor. Kad\u0131n\u0131n elinin de\u011fdi\u011fi her yerin g\u00fczelle\u015fti\u011fine inan\u0131yorum. O nedenle kad\u0131n erkek ayr\u0131m\u0131 g\u00f6zetmeksizin, kad\u0131nlar her alanda bulunmal\u0131. B\u00f6ylece var olan zorluklar\u0131n \u00fcstesinden daha rahat geliriz&#8221; diye konu\u015ftu.<br \/><\/p>\n","protected":false},"excerpt":{"rendered":"<p>Kad\u0131n istihdam\u0131n\u0131 destekleyen \u0130zmir B\u00fcy\u00fck\u015fehir Belediyesi, bu alanda \u00f6nemli ad\u0131mlar at\u0131yor. Kritik g\u00f6revlerin yan\u0131 s\u0131ra bir\u00e7ok alanda s\u00f6z sahibi olan kad\u0131nlardan kimi daha sa\u011fl\u0131kl\u0131 bir kent, kimi ise d\u00fczenli bir \u015fehir i\u00e7in \u00e7al\u0131\u015f\u0131yor. Emek ve al\u0131n teri ile \u0130zmir\u2019i g\u00fczelle\u015ftiren kad\u0131nlar, hayata de\u011fer kat\u0131yor. Kad\u0131n s\u00fcp\u00fcrgeciler sokaklar\u0131 titizlikle temizlerken, kad\u0131n zab\u0131talar da g\u00fcvenli ve d\u00fczenli&#8230;<\/p>\n","protected":false},"author":1,"featured_media":24204,"comment_status":"open","ping_status":"open","sticky":false,"template":"","format":"standard","meta":{"_crdt_document":"","footnotes":""},"categories":[1],"tags":[],"class_list":["post-24203","post","type-post","status-publish","format-standard","has-post-thumbnail","hentry","category-guncel"],"_links":{"self":[{"href":"https:\/\/www.egemtv.com\/index.php?rest_route=\/wp\/v2\/posts\/24203","targetHints":{"allow":["GET"]}}],"collection":[{"href":"https:\/\/www.egemtv.com\/index.php?rest_route=\/wp\/v2\/posts"}],"about":[{"href":"https:\/\/www.egemtv.com\/index.php?rest_route=\/wp\/v2\/types\/post"}],"author":[{"embeddable":true,"href":"https:\/\/www.egemtv.com\/index.php?rest_route=\/wp\/v2\/users\/1"}],"replies":[{"embeddable":true,"href":"https:\/\/www.egemtv.com\/index.php?rest_route=%2Fwp%2Fv2%2Fcomments&post=24203"}],"version-history":[{"count":1,"href":"https:\/\/www.egemtv.com\/index.php?rest_route=\/wp\/v2\/posts\/24203\/revisions"}],"predecessor-version":[{"id":24205,"href":"https:\/\/www.egemtv.com\/index.php?rest_route=\/wp\/v2\/posts\/24203\/revisions\/24205"}],"wp:featuredmedia":[{"embeddable":true,"href":"https:\/\/www.egemtv.com\/index.php?rest_route=\/wp\/v2\/media\/24204"}],"wp:attachment":[{"href":"https:\/\/www.egemtv.com\/index.php?rest_route=%2Fwp%2Fv2%2Fmedia&parent=24203"}],"wp:term":[{"taxonomy":"category","embeddable":true,"href":"https:\/\/www.egemtv.com\/index.php?rest_route=%2Fwp%2Fv2%2Fcategories&post=24203"},{"taxonomy":"post_tag","embeddable":true,"href":"https:\/\/www.egemtv.com\/index.php?rest_route=%2Fwp%2Fv2%2Ftags&post=24203"}],"curies":[{"name":"wp","href":"https:\/\/api.w.org\/{rel}","templated":true}]}}