{"id":24200,"date":"2025-03-06T10:26:11","date_gmt":"2025-03-06T07:26:11","guid":{"rendered":"https:\/\/www.egemtv.com\/?p=24200"},"modified":"2025-03-06T10:26:14","modified_gmt":"2025-03-06T07:26:14","slug":"mobilya-imalathanesi-alevlere-teslim-oldu","status":"publish","type":"post","link":"https:\/\/www.egemtv.com\/?p=24200","title":{"rendered":"Mobilya imalathanesi alevlere teslim oldu"},"content":{"rendered":"<p>Denizli\u2019nin Merkezefendi il\u00e7esine mobilya ve ah\u015fap imalathanesinde \u00e7\u0131kan yang\u0131nda korku dolu anlar ya\u015fand\u0131. \u00c7ok say\u0131da ekiple yang\u0131na m\u00fcdahale eden itfaiye, yang\u0131n\u0131n di\u011fer i\u015f yerlerine s\u0131\u00e7ramas\u0131n\u0131 \u00f6nledi.<\/p>\n<p>Edinilen bilgiye g\u00f6re; Merkezefendi il\u00e7esine ba\u011fl\u0131 S\u00fcmer Mahallesi\u2019nde faaliyet g\u00f6steren mobilya ve ah\u015fap ev e\u015fyas\u0131 imalathanesinde hen\u00fcz belirlenemeyen bir nedenle yang\u0131n \u00e7\u0131kt\u0131. Gece saatlerinde i\u015f yerinden y\u00fckselen alevleri fark eden vatanda\u015flar, 112 Acil \u00c7a\u011fr\u0131 Merkezini arayarak yard\u0131m talebinde bulundu.<\/p>\n<p>Yap\u0131lan ihbar\u0131n ard\u0131ndan yang\u0131n b\u00f6lgesine 16 itfaiye arac\u0131 ve 43 yang\u0131n s\u00f6nd\u00fcrme personeli sevk edildi. Denizli B\u00fcy\u00fck\u015fehir Belediyesi \u0130tfaiye Daire Ba\u015fkanl\u0131\u011f\u0131na ba\u011fl\u0131 Kayal\u0131k, Bah\u00e7elievler, K\u0131n\u0131kl\u0131, G\u00fcm\u00fc\u015fler, Akhan ve Sarayk\u00f6y \u015fubelerinden y\u00f6nlendirilen ekipler, alevlerle m\u00fccadelede b\u00fcy\u00fck bir \u00f6zveri g\u00f6sterdi. Yang\u0131n\u0131n \u00e7evredeki di\u011fer i\u015f yerlerine s\u0131\u00e7ramamas\u0131 i\u00e7in ekipler yo\u011fun \u00e7aba sarf etti. \u00c7al\u0131\u015fmalar s\u0131ras\u0131nda zaman zaman patlamalar ya\u015fansa da, itfaiye ekiplerinin \u00e7abalar\u0131 sonucu yang\u0131n di\u011fer i\u015f yerlerine s\u0131\u00e7ramadan s\u00f6nd\u00fcr\u00fcld\u00fc. Yang\u0131nla ilgili soru\u015fturma ba\u015flat\u0131ld\u0131.<br \/><\/p>\n","protected":false},"excerpt":{"rendered":"<p>Denizli\u2019nin Merkezefendi il\u00e7esine mobilya ve ah\u015fap imalathanesinde \u00e7\u0131kan yang\u0131nda korku dolu anlar ya\u015fand\u0131. \u00c7ok say\u0131da ekiple yang\u0131na m\u00fcdahale eden itfaiye, yang\u0131n\u0131n di\u011fer i\u015f yerlerine s\u0131\u00e7ramas\u0131n\u0131 \u00f6nledi. Edinilen bilgiye g\u00f6re; Merkezefendi il\u00e7esine ba\u011fl\u0131 S\u00fcmer Mahallesi\u2019nde faaliyet g\u00f6steren mobilya ve ah\u015fap ev e\u015fyas\u0131 imalathanesinde hen\u00fcz belirlenemeyen bir nedenle yang\u0131n \u00e7\u0131kt\u0131. Gece saatlerinde i\u015f yerinden y\u00fckselen alevleri fark&#8230;<\/p>\n","protected":false},"author":1,"featured_media":24201,"comment_status":"open","ping_status":"open","sticky":false,"template":"","format":"standard","meta":{"_crdt_document":"","footnotes":""},"categories":[5],"tags":[],"class_list":["post-24200","post","type-post","status-publish","format-standard","has-post-thumbnail","hentry","category-asayis"],"_links":{"self":[{"href":"https:\/\/www.egemtv.com\/index.php?rest_route=\/wp\/v2\/posts\/24200","targetHints":{"allow":["GET"]}}],"collection":[{"href":"https:\/\/www.egemtv.com\/index.php?rest_route=\/wp\/v2\/posts"}],"about":[{"href":"https:\/\/www.egemtv.com\/index.php?rest_route=\/wp\/v2\/types\/post"}],"author":[{"embeddable":true,"href":"https:\/\/www.egemtv.com\/index.php?rest_route=\/wp\/v2\/users\/1"}],"replies":[{"embeddable":true,"href":"https:\/\/www.egemtv.com\/index.php?rest_route=%2Fwp%2Fv2%2Fcomments&post=24200"}],"version-history":[{"count":1,"href":"https:\/\/www.egemtv.com\/index.php?rest_route=\/wp\/v2\/posts\/24200\/revisions"}],"predecessor-version":[{"id":24202,"href":"https:\/\/www.egemtv.com\/index.php?rest_route=\/wp\/v2\/posts\/24200\/revisions\/24202"}],"wp:featuredmedia":[{"embeddable":true,"href":"https:\/\/www.egemtv.com\/index.php?rest_route=\/wp\/v2\/media\/24201"}],"wp:attachment":[{"href":"https:\/\/www.egemtv.com\/index.php?rest_route=%2Fwp%2Fv2%2Fmedia&parent=24200"}],"wp:term":[{"taxonomy":"category","embeddable":true,"href":"https:\/\/www.egemtv.com\/index.php?rest_route=%2Fwp%2Fv2%2Fcategories&post=24200"},{"taxonomy":"post_tag","embeddable":true,"href":"https:\/\/www.egemtv.com\/index.php?rest_route=%2Fwp%2Fv2%2Ftags&post=24200"}],"curies":[{"name":"wp","href":"https:\/\/api.w.org\/{rel}","templated":true}]}}