{"id":24197,"date":"2025-03-06T10:26:06","date_gmt":"2025-03-06T07:26:06","guid":{"rendered":"https:\/\/www.egemtv.com\/?p=24197"},"modified":"2025-03-06T10:26:11","modified_gmt":"2025-03-06T07:26:11","slug":"incirliovada-motosiklet-kazasi-1-olu","status":"publish","type":"post","link":"https:\/\/www.egemtv.com\/?p=24197","title":{"rendered":"\u0130ncirliova\u2019da motosiklet kazas\u0131: 1 \u00f6l\u00fc"},"content":{"rendered":"<p>Ayd\u0131n\u2019\u0131n \u0130ncirliova il\u00e7esinde direksiyon hakimiyetini kaybetmesi sonucu kaza yapan motosikletli gen\u00e7 hayat\u0131n\u0131 kaybetti.<\/p>\n<p>Kaza, Acarlar Mahallesinde meydana geldi. Al\u0131nan bilgilere g\u00f6re, Musa Kaplan\u2019\u0131n kulland\u0131\u011f\u0131 motosiklet hen\u00fcz bilinmeyen bir nedenle s\u00fcr\u00fcc\u00fcn\u00fcn direksiyon hakimiyetini kaybetmesi sonucu \u015farampole girdi. Kazay\u0131 g\u00f6renlerin ihbar\u0131 \u00fczerine olay yerine polis ve sa\u011fl\u0131k ekipleri sevk edildi. Motosiklet s\u00fcr\u00fcc\u00fcs\u00fc Musa Kaplan olay yerinde hayat\u0131n\u0131 kaybetti\u011fi sa\u011fl\u0131k ekipleri taraf\u0131ndan belirlendi. Kazay\u0131 duyan gencin yak\u0131nlar olay yerine gitti. Polisler vatanda\u015flar\u0131 olay yerinden uzakla\u015ft\u0131rd\u0131.<\/p>\n<p>Olay yerinde yap\u0131lan incelemenin ard\u0131ndan Kaplan\u2019\u0131n cenazesi morga kald\u0131r\u0131ld\u0131. Olayla ilgili soru\u015fturma s\u00fcr\u00fcyor.<br \/><\/p>\n","protected":false},"excerpt":{"rendered":"<p>Ayd\u0131n\u2019\u0131n \u0130ncirliova il\u00e7esinde direksiyon hakimiyetini kaybetmesi sonucu kaza yapan motosikletli gen\u00e7 hayat\u0131n\u0131 kaybetti. Kaza, Acarlar Mahallesinde meydana geldi. Al\u0131nan bilgilere g\u00f6re, Musa Kaplan\u2019\u0131n kulland\u0131\u011f\u0131 motosiklet hen\u00fcz bilinmeyen bir nedenle s\u00fcr\u00fcc\u00fcn\u00fcn direksiyon hakimiyetini kaybetmesi sonucu \u015farampole girdi. Kazay\u0131 g\u00f6renlerin ihbar\u0131 \u00fczerine olay yerine polis ve sa\u011fl\u0131k ekipleri sevk edildi. Motosiklet s\u00fcr\u00fcc\u00fcs\u00fc Musa Kaplan olay yerinde hayat\u0131n\u0131&#8230;<\/p>\n","protected":false},"author":1,"featured_media":24198,"comment_status":"open","ping_status":"open","sticky":false,"template":"","format":"standard","meta":{"_crdt_document":"","footnotes":""},"categories":[5],"tags":[],"class_list":["post-24197","post","type-post","status-publish","format-standard","has-post-thumbnail","hentry","category-asayis"],"_links":{"self":[{"href":"https:\/\/www.egemtv.com\/index.php?rest_route=\/wp\/v2\/posts\/24197","targetHints":{"allow":["GET"]}}],"collection":[{"href":"https:\/\/www.egemtv.com\/index.php?rest_route=\/wp\/v2\/posts"}],"about":[{"href":"https:\/\/www.egemtv.com\/index.php?rest_route=\/wp\/v2\/types\/post"}],"author":[{"embeddable":true,"href":"https:\/\/www.egemtv.com\/index.php?rest_route=\/wp\/v2\/users\/1"}],"replies":[{"embeddable":true,"href":"https:\/\/www.egemtv.com\/index.php?rest_route=%2Fwp%2Fv2%2Fcomments&post=24197"}],"version-history":[{"count":1,"href":"https:\/\/www.egemtv.com\/index.php?rest_route=\/wp\/v2\/posts\/24197\/revisions"}],"predecessor-version":[{"id":24199,"href":"https:\/\/www.egemtv.com\/index.php?rest_route=\/wp\/v2\/posts\/24197\/revisions\/24199"}],"wp:featuredmedia":[{"embeddable":true,"href":"https:\/\/www.egemtv.com\/index.php?rest_route=\/wp\/v2\/media\/24198"}],"wp:attachment":[{"href":"https:\/\/www.egemtv.com\/index.php?rest_route=%2Fwp%2Fv2%2Fmedia&parent=24197"}],"wp:term":[{"taxonomy":"category","embeddable":true,"href":"https:\/\/www.egemtv.com\/index.php?rest_route=%2Fwp%2Fv2%2Fcategories&post=24197"},{"taxonomy":"post_tag","embeddable":true,"href":"https:\/\/www.egemtv.com\/index.php?rest_route=%2Fwp%2Fv2%2Ftags&post=24197"}],"curies":[{"name":"wp","href":"https:\/\/api.w.org\/{rel}","templated":true}]}}