{"id":24194,"date":"2025-03-06T09:45:49","date_gmt":"2025-03-06T06:45:49","guid":{"rendered":"https:\/\/www.egemtv.com\/?p=24194"},"modified":"2025-03-06T09:45:53","modified_gmt":"2025-03-06T06:45:53","slug":"efelerin-dayanisma-projesi-basladi","status":"publish","type":"post","link":"https:\/\/www.egemtv.com\/?p=24194","title":{"rendered":"Efeler\u2019in dayan\u0131\u015fma projesi ba\u015flad\u0131"},"content":{"rendered":"<p>Efeler Belediye Ba\u015fkan\u0131 An\u0131l Yeti\u015fkin\u2019in \u00f6nc\u00fcl\u00fc\u011f\u00fcnde ba\u015flat\u0131lan \u2018Karde\u015f Eli Projesi\u2019 sayesinde ihtiya\u00e7 sahiplerine g\u0131da kolisi da\u011f\u0131t\u0131ld\u0131.<\/p>\n<p>Temel belediyecilik hizmetlerinde rekorlar k\u0131ran Ba\u015fkan Yeti\u015fkin, projeleriyle sosyal belediyecilik anlay\u0131\u015f\u0131n\u0131n en g\u00fczel \u00f6rneklerini sergilemeye devam ediyor. Kentte dayan\u0131\u015fma k\u00f6pr\u00fcleri kurmay\u0131 s\u00fcrd\u00fcren Efeler Belediye Ba\u015fkan\u0131 An\u0131l Yeti\u015fkin, \u2018Karde\u015f Eli\u2019 projesi ile yard\u0131mseverler ile ihtiya\u00e7 sahiplerini bulu\u015fturdu. Efeler\u2019in yard\u0131msever vatanda\u015flar\u0131 \u00f6nc\u00fcl\u00fc\u011f\u00fcnde kuru g\u0131dadan, \u00e7ay ve \u015fekere, s\u0131v\u0131 ya\u011fdan tatl\u0131ya kadar olduk\u00e7a geni\u015f bir yelpazede haz\u0131rlanan g\u0131da kolileri ihtiya\u00e7 sahiplerine teslim edildi.<\/p>\n<p>Proje dolay\u0131s\u0131yla olduk\u00e7a memnun oldu\u011funu ifade eden vatanda\u015flar, Efeler Belediye Ba\u015fkan\u0131 An\u0131l Yeti\u015fkin\u2019e b\u00f6ylesine anlaml\u0131 bir projeyi hayata ge\u00e7irdi\u011fi i\u00e7in te\u015fekk\u00fcrlerini iletti.<\/p>\n<p>\u00d6te yandan bu \u00f6zel organizasyona katk\u0131da bulunmak isteyen il\u00e7e sakinleri, Efeler Belediyesi\u2019nin Yedi Eyl\u00fcl Mahallesi \u0130zmir Bulvar\u0131 Numara 5\u2019te bulunan hizmet binas\u0131nda Efe Masa Birimi\u2019ne ba\u015fvuruda bulunabiliyor.<br \/><\/p>\n","protected":false},"excerpt":{"rendered":"<p>Efeler Belediye Ba\u015fkan\u0131 An\u0131l Yeti\u015fkin\u2019in \u00f6nc\u00fcl\u00fc\u011f\u00fcnde ba\u015flat\u0131lan \u2018Karde\u015f Eli Projesi\u2019 sayesinde ihtiya\u00e7 sahiplerine g\u0131da kolisi da\u011f\u0131t\u0131ld\u0131. Temel belediyecilik hizmetlerinde rekorlar k\u0131ran Ba\u015fkan Yeti\u015fkin, projeleriyle sosyal belediyecilik anlay\u0131\u015f\u0131n\u0131n en g\u00fczel \u00f6rneklerini sergilemeye devam ediyor. Kentte dayan\u0131\u015fma k\u00f6pr\u00fcleri kurmay\u0131 s\u00fcrd\u00fcren Efeler Belediye Ba\u015fkan\u0131 An\u0131l Yeti\u015fkin, \u2018Karde\u015f Eli\u2019 projesi ile yard\u0131mseverler ile ihtiya\u00e7 sahiplerini bulu\u015fturdu. Efeler\u2019in yard\u0131msever vatanda\u015flar\u0131&#8230;<\/p>\n","protected":false},"author":1,"featured_media":24195,"comment_status":"open","ping_status":"open","sticky":false,"template":"","format":"standard","meta":{"_crdt_document":"","footnotes":""},"categories":[1],"tags":[],"class_list":["post-24194","post","type-post","status-publish","format-standard","has-post-thumbnail","hentry","category-guncel"],"_links":{"self":[{"href":"https:\/\/www.egemtv.com\/index.php?rest_route=\/wp\/v2\/posts\/24194","targetHints":{"allow":["GET"]}}],"collection":[{"href":"https:\/\/www.egemtv.com\/index.php?rest_route=\/wp\/v2\/posts"}],"about":[{"href":"https:\/\/www.egemtv.com\/index.php?rest_route=\/wp\/v2\/types\/post"}],"author":[{"embeddable":true,"href":"https:\/\/www.egemtv.com\/index.php?rest_route=\/wp\/v2\/users\/1"}],"replies":[{"embeddable":true,"href":"https:\/\/www.egemtv.com\/index.php?rest_route=%2Fwp%2Fv2%2Fcomments&post=24194"}],"version-history":[{"count":1,"href":"https:\/\/www.egemtv.com\/index.php?rest_route=\/wp\/v2\/posts\/24194\/revisions"}],"predecessor-version":[{"id":24196,"href":"https:\/\/www.egemtv.com\/index.php?rest_route=\/wp\/v2\/posts\/24194\/revisions\/24196"}],"wp:featuredmedia":[{"embeddable":true,"href":"https:\/\/www.egemtv.com\/index.php?rest_route=\/wp\/v2\/media\/24195"}],"wp:attachment":[{"href":"https:\/\/www.egemtv.com\/index.php?rest_route=%2Fwp%2Fv2%2Fmedia&parent=24194"}],"wp:term":[{"taxonomy":"category","embeddable":true,"href":"https:\/\/www.egemtv.com\/index.php?rest_route=%2Fwp%2Fv2%2Fcategories&post=24194"},{"taxonomy":"post_tag","embeddable":true,"href":"https:\/\/www.egemtv.com\/index.php?rest_route=%2Fwp%2Fv2%2Ftags&post=24194"}],"curies":[{"name":"wp","href":"https:\/\/api.w.org\/{rel}","templated":true}]}}