{"id":24191,"date":"2025-03-06T09:45:45","date_gmt":"2025-03-06T06:45:45","guid":{"rendered":"https:\/\/www.egemtv.com\/?p=24191"},"modified":"2025-03-06T09:45:49","modified_gmt":"2025-03-06T06:45:49","slug":"kusadasinda-8-mart-kutlamalari-basladi","status":"publish","type":"post","link":"https:\/\/www.egemtv.com\/?p=24191","title":{"rendered":"Ku\u015fadas\u0131\u2019nda 8 Mart kutlamalar\u0131 ba\u015flad\u0131"},"content":{"rendered":"<p>Ku\u015fadas\u0131\u2019nda, \u20188 Mart D\u00fcnya Emek\u00e7i Kad\u0131nlar G\u00fcn\u00fc\u2019 kutlamalar\u0131, \u0130bramaki Sanat Galerisi\u2019nde d\u00fczenlenen bir dizi etkinlikle ba\u015flad\u0131.<\/p>\n<p>Ku\u015fadas\u0131 Belediyesi ve \u00e7e\u015fitli sivil toplum kurulu\u015flar\u0131n\u0131n \u00fcye oldu\u011fu \u2018Ku\u015fadas\u0131 Kad\u0131nca\u2019 olu\u015fumunun katk\u0131lar\u0131yla ger\u00e7ekle\u015ftirilen etkinlikte konu\u015fan Belediye Ba\u015fkan Yard\u0131mc\u0131s\u0131 Ay\u015feg\u00fcl Da\u011fl\u0131, &#8220;\u00d6ncelikle ya\u015fam\u0131n her an\u0131nda eme\u011fi olan kad\u0131nlar\u0131m\u0131z iyi ki vars\u0131n\u0131z. T\u00fcm kad\u0131nlar\u0131m\u0131z\u0131n 8 Mart D\u00fcnya Emek\u00e7i Kad\u0131nlar G\u00fcn\u00fc \u015fimdiden kutlu olsun&#8221; dedi.<\/p>\n<p>Kutlama etkinlikleri kapsam\u0131nda \u0130bramaki Sanat Galerisi\u2019nde \u00f6nce Y\u00fcksel Yalova G\u00fczel Sanatlar Lisesi \u00f6\u011frencileri taraf\u0131ndan farkl\u0131 tekniklerle haz\u0131rlanan resimlerin yer ald\u0131\u011f\u0131 \u2018Kad\u0131nlar Vard\u0131r\u2019 isimli sergi a\u00e7\u0131ld\u0131. Ard\u0131ndan Polonyal\u0131 filozof, ekonomist ve aktivist Rosa Luxemburg\u2019un hayat\u0131n\u0131 anlatan belgesel film g\u00f6sterimi yap\u0131ld\u0131. Kutlama program\u0131n\u0131n son b\u00f6l\u00fcm\u00fcndeyse 1910\u2019larda Amerikan kad\u0131nlar\u0131n\u0131n se\u00e7me ve se\u00e7ilme hakk\u0131 edinmek i\u00e7in verdikleri m\u00fccadeleyi konu alan \u2018Demir \u00c7eneli Melekler\u2019 adl\u0131 film g\u00f6sterildi.<\/p>\n<p>Etkinli\u011fin a\u00e7\u0131l\u0131\u015f konu\u015fmas\u0131n\u0131 yapan Ku\u015fadas\u0131 Belediye Ba\u015fkan Yard\u0131mc\u0131s\u0131 Ay\u015feg\u00fcl Da\u011fl\u0131, &#8220;\u00d6ncelikle ya\u015fam\u0131n her an\u0131nda eme\u011fi olan kad\u0131nlar\u0131m\u0131z iyi ki vars\u0131n\u0131z. T\u00fcm kad\u0131nlar\u0131m\u0131z\u0131n 8 Mart D\u00fcnya Emek\u00e7i Kad\u0131nlar G\u00fcn\u00fc \u015fimdiden kutlu olsun. Biz, Belediye Ba\u015fkan\u0131m\u0131z\u0131n e\u015fi Duygu G\u00fcnel ve dezavantajl\u0131 kad\u0131nlarla birlikte y\u00fcr\u00fcyen sivil toplum kurulu\u015flar\u0131n\u0131n katk\u0131lar\u0131yla \u2018Ku\u015fadas\u0131 Kad\u0131nca\u2019 ismini verdi\u011fimiz bir olu\u015fum kurduk. \u00dc\u00e7 ayd\u0131r \u00e7al\u0131\u015fmalar\u0131m\u0131z devam ediyor. Amac\u0131m\u0131z daha ya\u015fan\u0131l\u0131r ve daha mutlu bir toplumun olu\u015fmas\u0131na katk\u0131 sunmak. Farkl\u0131 projelerimiz de var. Bunlar\u0131 ilerleyen g\u00fcnlerde sizlerle payla\u015faca\u011f\u0131m. Ku\u015fadas\u0131\u2019ndaki kad\u0131nlar ve Ku\u015fadas\u0131 Belediyesi ile i\u015f birli\u011fi i\u00e7erisinde yolumuza devam edece\u011fiz&#8221; diye konu\u015ftu.<br \/><\/p>\n","protected":false},"excerpt":{"rendered":"<p>Ku\u015fadas\u0131\u2019nda, \u20188 Mart D\u00fcnya Emek\u00e7i Kad\u0131nlar G\u00fcn\u00fc\u2019 kutlamalar\u0131, \u0130bramaki Sanat Galerisi\u2019nde d\u00fczenlenen bir dizi etkinlikle ba\u015flad\u0131. Ku\u015fadas\u0131 Belediyesi ve \u00e7e\u015fitli sivil toplum kurulu\u015flar\u0131n\u0131n \u00fcye oldu\u011fu \u2018Ku\u015fadas\u0131 Kad\u0131nca\u2019 olu\u015fumunun katk\u0131lar\u0131yla ger\u00e7ekle\u015ftirilen etkinlikte konu\u015fan Belediye Ba\u015fkan Yard\u0131mc\u0131s\u0131 Ay\u015feg\u00fcl Da\u011fl\u0131, &#8220;\u00d6ncelikle ya\u015fam\u0131n her an\u0131nda eme\u011fi olan kad\u0131nlar\u0131m\u0131z iyi ki vars\u0131n\u0131z. T\u00fcm kad\u0131nlar\u0131m\u0131z\u0131n 8 Mart D\u00fcnya Emek\u00e7i Kad\u0131nlar G\u00fcn\u00fc&#8230;<\/p>\n","protected":false},"author":1,"featured_media":24192,"comment_status":"open","ping_status":"open","sticky":false,"template":"","format":"standard","meta":{"_crdt_document":"","footnotes":""},"categories":[123],"tags":[],"class_list":["post-24191","post","type-post","status-publish","format-standard","has-post-thumbnail","hentry","category-gundem"],"_links":{"self":[{"href":"https:\/\/www.egemtv.com\/index.php?rest_route=\/wp\/v2\/posts\/24191","targetHints":{"allow":["GET"]}}],"collection":[{"href":"https:\/\/www.egemtv.com\/index.php?rest_route=\/wp\/v2\/posts"}],"about":[{"href":"https:\/\/www.egemtv.com\/index.php?rest_route=\/wp\/v2\/types\/post"}],"author":[{"embeddable":true,"href":"https:\/\/www.egemtv.com\/index.php?rest_route=\/wp\/v2\/users\/1"}],"replies":[{"embeddable":true,"href":"https:\/\/www.egemtv.com\/index.php?rest_route=%2Fwp%2Fv2%2Fcomments&post=24191"}],"version-history":[{"count":1,"href":"https:\/\/www.egemtv.com\/index.php?rest_route=\/wp\/v2\/posts\/24191\/revisions"}],"predecessor-version":[{"id":24193,"href":"https:\/\/www.egemtv.com\/index.php?rest_route=\/wp\/v2\/posts\/24191\/revisions\/24193"}],"wp:featuredmedia":[{"embeddable":true,"href":"https:\/\/www.egemtv.com\/index.php?rest_route=\/wp\/v2\/media\/24192"}],"wp:attachment":[{"href":"https:\/\/www.egemtv.com\/index.php?rest_route=%2Fwp%2Fv2%2Fmedia&parent=24191"}],"wp:term":[{"taxonomy":"category","embeddable":true,"href":"https:\/\/www.egemtv.com\/index.php?rest_route=%2Fwp%2Fv2%2Fcategories&post=24191"},{"taxonomy":"post_tag","embeddable":true,"href":"https:\/\/www.egemtv.com\/index.php?rest_route=%2Fwp%2Fv2%2Ftags&post=24191"}],"curies":[{"name":"wp","href":"https:\/\/api.w.org\/{rel}","templated":true}]}}