{"id":24188,"date":"2025-03-06T00:24:15","date_gmt":"2025-03-05T21:24:15","guid":{"rendered":"https:\/\/www.egemtv.com\/?p=24188"},"modified":"2025-03-06T00:24:20","modified_gmt":"2025-03-05T21:24:20","slug":"enerya-il-muduru-ersoz-hayatini-kaybetti","status":"publish","type":"post","link":"https:\/\/www.egemtv.com\/?p=24188","title":{"rendered":"Enerya \u0130l M\u00fcd\u00fcr\u00fc Ers\u00f6z, hayat\u0131n\u0131 kaybetti"},"content":{"rendered":"<p>Ayd\u0131n\u2019da do\u011falgaz firmas\u0131 Enerya\u2019n\u0131n il m\u00fcd\u00fcr\u00fc olarak g\u00f6rev yapan ve bir ay \u00f6nce beyin kanamas\u0131 sebebiyle hastaneye kald\u0131r\u0131lan Osman Ers\u00f6z, ya\u015fam m\u00fccadelesini kaybetti.<\/p>\n<p>Enerya Ayd\u0131n \u0130l M\u00fcd\u00fcr\u00fc Osman Ers\u00f6z, yakla\u015f\u0131k bir ay \u00f6nce beyin kanamas\u0131 ge\u00e7irerek hastaneye kald\u0131r\u0131ld\u0131. Hastanede tedavi alt\u0131na al\u0131nan Ers\u00f6z\u2019\u00fcn ent\u00fcbe oldu\u011fu ve yo\u011fun bak\u0131ma al\u0131nd\u0131\u011f\u0131 \u00f6\u011frenildi. Ers\u00f6z, tedavi g\u00f6rd\u00fc\u011f\u00fc hastanede yap\u0131lan t\u00fcm m\u00fcdahalelere ra\u011fmen kurtar\u0131lamad\u0131. Bir ayl\u0131k ya\u015fam m\u00fccadelesini kaybeden Ers\u00f6z\u2019\u00fcn ani \u00f6l\u00fcm\u00fc ailesi ve sevenlerini yasa bo\u011fdu. Ayd\u0131n\u2019da 11 y\u0131ld\u0131r g\u00f6rev yapan M\u00fcd\u00fcr Ers\u00f6z\u2019\u00fcn memleketi Konya\u2019n\u0131n Ere\u011fli il\u00e7esinde topra\u011fa verilece\u011fi \u00f6\u011frenildi.<br \/><\/p>\n","protected":false},"excerpt":{"rendered":"<p>Ayd\u0131n\u2019da do\u011falgaz firmas\u0131 Enerya\u2019n\u0131n il m\u00fcd\u00fcr\u00fc olarak g\u00f6rev yapan ve bir ay \u00f6nce beyin kanamas\u0131 sebebiyle hastaneye kald\u0131r\u0131lan Osman Ers\u00f6z, ya\u015fam m\u00fccadelesini kaybetti. Enerya Ayd\u0131n \u0130l M\u00fcd\u00fcr\u00fc Osman Ers\u00f6z, yakla\u015f\u0131k bir ay \u00f6nce beyin kanamas\u0131 ge\u00e7irerek hastaneye kald\u0131r\u0131ld\u0131. Hastanede tedavi alt\u0131na al\u0131nan Ers\u00f6z\u2019\u00fcn ent\u00fcbe oldu\u011fu ve yo\u011fun bak\u0131ma al\u0131nd\u0131\u011f\u0131 \u00f6\u011frenildi. Ers\u00f6z, tedavi g\u00f6rd\u00fc\u011f\u00fc hastanede yap\u0131lan&#8230;<\/p>\n","protected":false},"author":1,"featured_media":24189,"comment_status":"open","ping_status":"open","sticky":false,"template":"","format":"standard","meta":{"_crdt_document":"","footnotes":""},"categories":[1],"tags":[],"class_list":["post-24188","post","type-post","status-publish","format-standard","has-post-thumbnail","hentry","category-guncel"],"_links":{"self":[{"href":"https:\/\/www.egemtv.com\/index.php?rest_route=\/wp\/v2\/posts\/24188","targetHints":{"allow":["GET"]}}],"collection":[{"href":"https:\/\/www.egemtv.com\/index.php?rest_route=\/wp\/v2\/posts"}],"about":[{"href":"https:\/\/www.egemtv.com\/index.php?rest_route=\/wp\/v2\/types\/post"}],"author":[{"embeddable":true,"href":"https:\/\/www.egemtv.com\/index.php?rest_route=\/wp\/v2\/users\/1"}],"replies":[{"embeddable":true,"href":"https:\/\/www.egemtv.com\/index.php?rest_route=%2Fwp%2Fv2%2Fcomments&post=24188"}],"version-history":[{"count":1,"href":"https:\/\/www.egemtv.com\/index.php?rest_route=\/wp\/v2\/posts\/24188\/revisions"}],"predecessor-version":[{"id":24190,"href":"https:\/\/www.egemtv.com\/index.php?rest_route=\/wp\/v2\/posts\/24188\/revisions\/24190"}],"wp:featuredmedia":[{"embeddable":true,"href":"https:\/\/www.egemtv.com\/index.php?rest_route=\/wp\/v2\/media\/24189"}],"wp:attachment":[{"href":"https:\/\/www.egemtv.com\/index.php?rest_route=%2Fwp%2Fv2%2Fmedia&parent=24188"}],"wp:term":[{"taxonomy":"category","embeddable":true,"href":"https:\/\/www.egemtv.com\/index.php?rest_route=%2Fwp%2Fv2%2Fcategories&post=24188"},{"taxonomy":"post_tag","embeddable":true,"href":"https:\/\/www.egemtv.com\/index.php?rest_route=%2Fwp%2Fv2%2Ftags&post=24188"}],"curies":[{"name":"wp","href":"https:\/\/api.w.org\/{rel}","templated":true}]}}