{"id":24185,"date":"2025-03-05T22:26:16","date_gmt":"2025-03-05T19:26:16","guid":{"rendered":"https:\/\/www.egemtv.com\/?p=24185"},"modified":"2025-03-05T22:26:20","modified_gmt":"2025-03-05T19:26:20","slug":"manisada-14-yildir-aranan-sahis-yakalandi","status":"publish","type":"post","link":"https:\/\/www.egemtv.com\/?p=24185","title":{"rendered":"Manisa\u2019da 14 y\u0131ld\u0131r aranan \u015fah\u0131s yakaland\u0131"},"content":{"rendered":"<p>Manisa\u2019n\u0131n Turgutlu il\u00e7esinde hakk\u0131nda 26 y\u0131l 6 ay kesinle\u015fmi\u015f hapis cezas\u0131 bulunan ve 14 y\u0131ld\u0131r aranan \u015fah\u0131s jandarma ekipleri taraf\u0131ndan yakaland\u0131.<br \/>\n<br \/>Turgutlu \u0130l\u00e7e Jandarma Komutanl\u0131\u011f\u0131 JASAT ekiplerince aranan \u015fah\u0131slara y\u00f6nelik ger\u00e7ekle\u015ftirilen \u00e7al\u0131\u015fma sonucunda, \u2019Su\u00e7 \u0130\u015flemek Amac\u0131yla Kurulan \u00d6rg\u00fcte \u00dcye Olma\u2019, \u2019Ya\u011fma\u2019 ve \u2019Tefecilik\u2019 su\u00e7lar\u0131ndan yakla\u015f\u0131k 14 y\u0131ld\u0131r aranan ve hakk\u0131nda kesinle\u015fmi\u015f 26 y\u0131l 6 ay hapis cezas\u0131 bulunan S.\u00d6. (49\/E) isimli \u015fah\u0131s yakaland\u0131. S.\u00d6. i\u015flemlerinin ard\u0131ndan adli makamlarca tutuklanarak Manisa E Tipi Cezaevine teslim edildi.<br \/><\/p>\n","protected":false},"excerpt":{"rendered":"<p>Manisa\u2019n\u0131n Turgutlu il\u00e7esinde hakk\u0131nda 26 y\u0131l 6 ay kesinle\u015fmi\u015f hapis cezas\u0131 bulunan ve 14 y\u0131ld\u0131r aranan \u015fah\u0131s jandarma ekipleri taraf\u0131ndan yakaland\u0131. Turgutlu \u0130l\u00e7e Jandarma Komutanl\u0131\u011f\u0131 JASAT ekiplerince aranan \u015fah\u0131slara y\u00f6nelik ger\u00e7ekle\u015ftirilen \u00e7al\u0131\u015fma sonucunda, \u2019Su\u00e7 \u0130\u015flemek Amac\u0131yla Kurulan \u00d6rg\u00fcte \u00dcye Olma\u2019, \u2019Ya\u011fma\u2019 ve \u2019Tefecilik\u2019 su\u00e7lar\u0131ndan yakla\u015f\u0131k 14 y\u0131ld\u0131r aranan ve hakk\u0131nda kesinle\u015fmi\u015f 26 y\u0131l 6 ay&#8230;<\/p>\n","protected":false},"author":1,"featured_media":24186,"comment_status":"open","ping_status":"open","sticky":false,"template":"","format":"standard","meta":{"_crdt_document":"","footnotes":""},"categories":[5],"tags":[],"class_list":["post-24185","post","type-post","status-publish","format-standard","has-post-thumbnail","hentry","category-asayis"],"_links":{"self":[{"href":"https:\/\/www.egemtv.com\/index.php?rest_route=\/wp\/v2\/posts\/24185","targetHints":{"allow":["GET"]}}],"collection":[{"href":"https:\/\/www.egemtv.com\/index.php?rest_route=\/wp\/v2\/posts"}],"about":[{"href":"https:\/\/www.egemtv.com\/index.php?rest_route=\/wp\/v2\/types\/post"}],"author":[{"embeddable":true,"href":"https:\/\/www.egemtv.com\/index.php?rest_route=\/wp\/v2\/users\/1"}],"replies":[{"embeddable":true,"href":"https:\/\/www.egemtv.com\/index.php?rest_route=%2Fwp%2Fv2%2Fcomments&post=24185"}],"version-history":[{"count":1,"href":"https:\/\/www.egemtv.com\/index.php?rest_route=\/wp\/v2\/posts\/24185\/revisions"}],"predecessor-version":[{"id":24187,"href":"https:\/\/www.egemtv.com\/index.php?rest_route=\/wp\/v2\/posts\/24185\/revisions\/24187"}],"wp:featuredmedia":[{"embeddable":true,"href":"https:\/\/www.egemtv.com\/index.php?rest_route=\/wp\/v2\/media\/24186"}],"wp:attachment":[{"href":"https:\/\/www.egemtv.com\/index.php?rest_route=%2Fwp%2Fv2%2Fmedia&parent=24185"}],"wp:term":[{"taxonomy":"category","embeddable":true,"href":"https:\/\/www.egemtv.com\/index.php?rest_route=%2Fwp%2Fv2%2Fcategories&post=24185"},{"taxonomy":"post_tag","embeddable":true,"href":"https:\/\/www.egemtv.com\/index.php?rest_route=%2Fwp%2Fv2%2Ftags&post=24185"}],"curies":[{"name":"wp","href":"https:\/\/api.w.org\/{rel}","templated":true}]}}