{"id":24167,"date":"2025-03-05T21:25:31","date_gmt":"2025-03-05T18:25:31","guid":{"rendered":"https:\/\/www.egemtv.com\/?p=24167"},"modified":"2025-03-05T21:25:35","modified_gmt":"2025-03-05T18:25:35","slug":"tirla-carpisan-midibuste-4u-yabanci-uyruklu-5-kisi-yaralandi","status":"publish","type":"post","link":"https:\/\/www.egemtv.com\/?p=24167","title":{"rendered":"T\u0131rla \u00e7arp\u0131\u015fan midib\u00fcste 4\u2019\u00fc yabanc\u0131 uyruklu 5 ki\u015fi yaraland\u0131"},"content":{"rendered":"<p>Afyonkarahisar\u2019da t\u0131r ile midib\u00fcs\u00fcn \u00e7arp\u0131\u015ft\u0131\u011f\u0131 trafik kazas\u0131nda 4\u2019\u00fc yabanc\u0131 uyruklu 5 ki\u015fi yaraland\u0131.<br \/>\n<br \/>Kaza, Dinar il\u00e7esi Camikebir  Mahallesi \u00fczerinde ki kav\u015fakta meydana geldi. Edinilen bilgilere g\u00f6re, \u0130.Y. idaresindeki 42 JH 915 plakal\u0131 t\u0131r, kav\u015fakta M.\u00d6. y\u00f6netimindeki 34 CFN 660 plakal\u0131 midib\u00fcse \u00e7arpt\u0131. Kazan\u0131n ard\u0131ndan \u00e7evredekilerin haber vermesi \u00fczerine b\u00f6lgeye \u00e7ok say\u0131da polis ve sa\u011fl\u0131k ekibi sevk edildi. Kazada yaralanan t\u0131r s\u00fcr\u00fcc\u00fcs\u00fc \u0130.Y. ile otob\u00fcste yolcu olarak bulunan yabanc\u0131 uyruklu X.O, L.H., L.W. ve J.Y., Dinar ambulanslarla hastaneye kald\u0131r\u0131ld\u0131.<br \/>\n<br \/>Kazan\u0131n ard\u0131ndan polis taraf\u0131ndan inceleme ba\u015flat\u0131ld\u0131.<br \/><\/p>\n","protected":false},"excerpt":{"rendered":"<p>Afyonkarahisar\u2019da t\u0131r ile midib\u00fcs\u00fcn \u00e7arp\u0131\u015ft\u0131\u011f\u0131 trafik kazas\u0131nda 4\u2019\u00fc yabanc\u0131 uyruklu 5 ki\u015fi yaraland\u0131. Kaza, Dinar il\u00e7esi Camikebir Mahallesi \u00fczerinde ki kav\u015fakta meydana geldi. Edinilen bilgilere g\u00f6re, \u0130.Y. idaresindeki 42 JH 915 plakal\u0131 t\u0131r, kav\u015fakta M.\u00d6. y\u00f6netimindeki 34 CFN 660 plakal\u0131 midib\u00fcse \u00e7arpt\u0131. Kazan\u0131n ard\u0131ndan \u00e7evredekilerin haber vermesi \u00fczerine b\u00f6lgeye \u00e7ok say\u0131da polis ve sa\u011fl\u0131k ekibi&#8230;<\/p>\n","protected":false},"author":1,"featured_media":24168,"comment_status":"open","ping_status":"open","sticky":false,"template":"","format":"standard","meta":{"_crdt_document":"","footnotes":""},"categories":[5],"tags":[],"class_list":["post-24167","post","type-post","status-publish","format-standard","has-post-thumbnail","hentry","category-asayis"],"_links":{"self":[{"href":"https:\/\/www.egemtv.com\/index.php?rest_route=\/wp\/v2\/posts\/24167","targetHints":{"allow":["GET"]}}],"collection":[{"href":"https:\/\/www.egemtv.com\/index.php?rest_route=\/wp\/v2\/posts"}],"about":[{"href":"https:\/\/www.egemtv.com\/index.php?rest_route=\/wp\/v2\/types\/post"}],"author":[{"embeddable":true,"href":"https:\/\/www.egemtv.com\/index.php?rest_route=\/wp\/v2\/users\/1"}],"replies":[{"embeddable":true,"href":"https:\/\/www.egemtv.com\/index.php?rest_route=%2Fwp%2Fv2%2Fcomments&post=24167"}],"version-history":[{"count":1,"href":"https:\/\/www.egemtv.com\/index.php?rest_route=\/wp\/v2\/posts\/24167\/revisions"}],"predecessor-version":[{"id":24169,"href":"https:\/\/www.egemtv.com\/index.php?rest_route=\/wp\/v2\/posts\/24167\/revisions\/24169"}],"wp:featuredmedia":[{"embeddable":true,"href":"https:\/\/www.egemtv.com\/index.php?rest_route=\/wp\/v2\/media\/24168"}],"wp:attachment":[{"href":"https:\/\/www.egemtv.com\/index.php?rest_route=%2Fwp%2Fv2%2Fmedia&parent=24167"}],"wp:term":[{"taxonomy":"category","embeddable":true,"href":"https:\/\/www.egemtv.com\/index.php?rest_route=%2Fwp%2Fv2%2Fcategories&post=24167"},{"taxonomy":"post_tag","embeddable":true,"href":"https:\/\/www.egemtv.com\/index.php?rest_route=%2Fwp%2Fv2%2Ftags&post=24167"}],"curies":[{"name":"wp","href":"https:\/\/api.w.org\/{rel}","templated":true}]}}