{"id":24164,"date":"2025-03-05T21:25:26","date_gmt":"2025-03-05T18:25:26","guid":{"rendered":"https:\/\/www.egemtv.com\/?p=24164"},"modified":"2025-03-05T21:25:31","modified_gmt":"2025-03-05T18:25:31","slug":"aydin-vakiflar-bolge-mudurlugu-her-gun-3-bin-800-kisiye-iftar-veriyor","status":"publish","type":"post","link":"https:\/\/www.egemtv.com\/?p=24164","title":{"rendered":"Ayd\u0131n Vak\u0131flar B\u00f6lge M\u00fcd\u00fcrl\u00fc\u011f\u00fc her g\u00fcn 3 bin 800 ki\u015fiye iftar veriyor"},"content":{"rendered":"<p>Ayd\u0131n Vak\u0131flar B\u00f6lge M\u00fcd\u00fcrl\u00fc\u011f\u00fc taraf\u0131ndan Ramazan ay\u0131nda her g\u00fcn 3 ilde toplam 3 bin 800 ki\u015fiye iftar veriliyor.<br \/>\n<br \/>Ramazan ay\u0131 dolay\u0131s\u0131 ile Ayd\u0131n Vak\u0131flar B\u00f6lge M\u00fcd\u00fcrl\u00fc\u011f\u00fc taraf\u0131ndan toplu iftar program\u0131 ger\u00e7ekle\u015ftiriliyor. Ramazan ay\u0131 boyunca Ayd\u0131n\u2019da bin, Denizli\u2019de 2 bin ve Mu\u011fla\u2019da 800 ki\u015fi olmak \u00fczere toplam 3 bin 800 ki\u015fiye iftar veriliyor.<br \/>\n<br \/>Ayd\u0131n\u2019\u0131n Efeler il\u00e7esinde Devlet Demir Yollar\u0131 Sosyal Tesisinde ger\u00e7ekle\u015ftirilen iftar program\u0131na Vali Yakup Canbolat, \u0130l Emniyet M\u00fcd\u00fcr\u00fc Arma\u011fan Adnan Erdo\u011fan, Ayd\u0131n \u0130l Jandarma Komutan\u0131 Jandarma Albay Ali Naci Aldemir ve \u00e7ok say\u0131da vatanda\u015f kat\u0131ld\u0131. Vali Canbolat, vatanda\u015flarla birlikte iftar yapt\u0131. Okunan ezanla birlikte vatanda\u015flar oru\u00e7lar\u0131n\u0131 a\u00e7t\u0131.<br \/>\n<br \/>Program\u0131n ard\u0131ndan a\u00e7\u0131klama yapan Ayd\u0131n Vak\u0131flar B\u00f6lge M\u00fcd\u00fcr\u00fc M\u00fccahid Vural, 11 ay\u0131n sultan\u0131 Ramazan-\u0131 \u015eerif ay\u0131 kapsam\u0131nda hay\u0131rseverlerin deste\u011fi ile 3 ilde iftar verdiklerini ifade etti.<br \/>\n<br \/>Vatanda\u015flar\u0131n iftara yo\u011fun ilgisinin oldu\u011funu belirten Vural, &#8220;Ayd\u0131n\u2019da bin ki\u015fiye iftar veriyoruz. Yine ayn\u0131 \u015fekilde Denizli\u2019de Ahmet Pakel Vakf\u0131m\u0131zda her g\u00fcn 2 bin ki\u015fiye iftar veriyoruz. Mu\u011fla\u2019da Mente\u015fe \u00d6\u011fretmenevi\u2019nde her g\u00fcn 800 ki\u015fiye iftar veriyoruz. Allah vermi\u015f oldu\u011fumuz iftarlar\u0131 kabul eylesin in\u015fallah. Nice g\u00fczel iftarlar ya\u015famay\u0131 Cenab-\u0131 Allah bizlere nasip etsin. B\u00fct\u00fcn vatanda\u015flar\u0131m\u0131za hay\u0131rl\u0131 Ramazanlar diliyorum&#8221; dedi.<br \/><\/p>\n","protected":false},"excerpt":{"rendered":"<p>Ayd\u0131n Vak\u0131flar B\u00f6lge M\u00fcd\u00fcrl\u00fc\u011f\u00fc taraf\u0131ndan Ramazan ay\u0131nda her g\u00fcn 3 ilde toplam 3 bin 800 ki\u015fiye iftar veriliyor. Ramazan ay\u0131 dolay\u0131s\u0131 ile Ayd\u0131n Vak\u0131flar B\u00f6lge M\u00fcd\u00fcrl\u00fc\u011f\u00fc taraf\u0131ndan toplu iftar program\u0131 ger\u00e7ekle\u015ftiriliyor. Ramazan ay\u0131 boyunca Ayd\u0131n\u2019da bin, Denizli\u2019de 2 bin ve Mu\u011fla\u2019da 800 ki\u015fi olmak \u00fczere toplam 3 bin 800 ki\u015fiye iftar veriliyor. Ayd\u0131n\u2019\u0131n Efeler il\u00e7esinde&#8230;<\/p>\n","protected":false},"author":1,"featured_media":24165,"comment_status":"open","ping_status":"open","sticky":false,"template":"","format":"standard","meta":{"_crdt_document":"","footnotes":""},"categories":[1],"tags":[],"class_list":["post-24164","post","type-post","status-publish","format-standard","has-post-thumbnail","hentry","category-guncel"],"_links":{"self":[{"href":"https:\/\/www.egemtv.com\/index.php?rest_route=\/wp\/v2\/posts\/24164","targetHints":{"allow":["GET"]}}],"collection":[{"href":"https:\/\/www.egemtv.com\/index.php?rest_route=\/wp\/v2\/posts"}],"about":[{"href":"https:\/\/www.egemtv.com\/index.php?rest_route=\/wp\/v2\/types\/post"}],"author":[{"embeddable":true,"href":"https:\/\/www.egemtv.com\/index.php?rest_route=\/wp\/v2\/users\/1"}],"replies":[{"embeddable":true,"href":"https:\/\/www.egemtv.com\/index.php?rest_route=%2Fwp%2Fv2%2Fcomments&post=24164"}],"version-history":[{"count":1,"href":"https:\/\/www.egemtv.com\/index.php?rest_route=\/wp\/v2\/posts\/24164\/revisions"}],"predecessor-version":[{"id":24166,"href":"https:\/\/www.egemtv.com\/index.php?rest_route=\/wp\/v2\/posts\/24164\/revisions\/24166"}],"wp:featuredmedia":[{"embeddable":true,"href":"https:\/\/www.egemtv.com\/index.php?rest_route=\/wp\/v2\/media\/24165"}],"wp:attachment":[{"href":"https:\/\/www.egemtv.com\/index.php?rest_route=%2Fwp%2Fv2%2Fmedia&parent=24164"}],"wp:term":[{"taxonomy":"category","embeddable":true,"href":"https:\/\/www.egemtv.com\/index.php?rest_route=%2Fwp%2Fv2%2Fcategories&post=24164"},{"taxonomy":"post_tag","embeddable":true,"href":"https:\/\/www.egemtv.com\/index.php?rest_route=%2Fwp%2Fv2%2Ftags&post=24164"}],"curies":[{"name":"wp","href":"https:\/\/api.w.org\/{rel}","templated":true}]}}