{"id":24161,"date":"2025-03-05T21:07:09","date_gmt":"2025-03-05T18:07:09","guid":{"rendered":"https:\/\/www.egemtv.com\/?p=24161"},"modified":"2025-03-05T21:07:15","modified_gmt":"2025-03-05T18:07:15","slug":"kusadasi-itb-berlin-turizm-fuarinda-yerini-aldi","status":"publish","type":"post","link":"https:\/\/www.egemtv.com\/?p=24161","title":{"rendered":"Ku\u015fadas\u0131 ITB Berlin Turizm Fuar\u0131nda yerini ald\u0131"},"content":{"rendered":"<p>Ku\u015fadas\u0131 Belediyesi, kenti tan\u0131tma \u00e7al\u0131\u015fmalar\u0131 kapsam\u0131nda, Almanya\u2019da d\u00fczenlenen \u2018ITB Berlin Turizm Fuar\u0131\u2019na\u2019 kat\u0131ld\u0131. D\u00fcnya turizm pazar\u0131n\u0131n en \u00f6nemli destinasyonlar\u0131 ve firmalar\u0131n\u0131n yer ald\u0131\u011f\u0131 fuar\u0131 ziyaret ederek acente temsilcileriyle bir araya gelen Ba\u015fkan \u00d6mer G\u00fcnel, &#8220;Ku\u015fadas\u0131\u2019n\u0131n yurt d\u0131\u015f\u0131ndaki konumunu daha da g\u00fc\u00e7lendirmek i\u00e7in var g\u00fcc\u00fcm\u00fczle \u00e7al\u0131\u015f\u0131yoruz&#8221; dedi.<\/p>\n<p>Almanya\u2019n\u0131n ba\u015fkenti Berlin\u2019de kap\u0131lar\u0131n\u0131 a\u00e7an \u2018ITB Berlin Turizm Fuar\u0131\u2019nda Ku\u015fadas\u0131 da yerini ald\u0131. Seyahat profesyonellerinin bulu\u015ftu\u011fu ve i\u015f anla\u015fmalar\u0131n\u0131n yap\u0131ld\u0131\u011f\u0131 fuarda, Ku\u015fadas\u0131 stand\u0131 yo\u011fun ilgi g\u00f6rd\u00fc. T\u00fcrkiye Turizm Tan\u0131t\u0131m ve Geli\u015ftirme Ajans\u0131\u2019na (TGA ) ait stant alan\u0131nda, Ku\u015fadas\u0131 Belediyesi\u2019nin de katk\u0131lar\u0131yla ziyaret\u00e7ilere kentin sahip oldu\u011fu do\u011fal, tarihi ve k\u00fclt\u00fcrel zenginlikler ile konaklama imknlar\u0131n\u0131n tan\u0131t\u0131m\u0131 yap\u0131ld\u0131. Ba\u015fkan \u00d6mer G\u00fcnel de d\u00fcnyan\u0131n en b\u00fcy\u00fck turizm fuarlar\u0131 aras\u0131nda yer alan ITB Berlin Turizm Fuar\u0131\u2019n\u0131 ziyaret ederek kente daha fazla turist \u00e7ekebilmek i\u00e7in acente temsilcileriyle bire bir g\u00f6r\u00fc\u015fmeler yapt\u0131. Ba\u015fkan \u00d6mer G\u00fcnel\u2019in ziyaretinde CHP Ayd\u0131n Milletvekili B\u00fclent Tezcan ve Belediye Meclis \u00dcyeleri Fahrettin \u00c7i\u00e7ek ile Eda Yurtcan da yer ald\u0131.<\/p>\n<p>Ku\u015fadas\u0131 Belediye Ba\u015fkan\u0131 \u00d6mer G\u00fcnel, turizm b\u00f6lgelerinin tan\u0131t\u0131m\u0131 a\u00e7\u0131s\u0131ndan fuarlar\u0131n b\u00fcy\u00fck bir \u00f6nem ta\u015f\u0131d\u0131\u011f\u0131n\u0131 belirterek, &#8220;D\u00fcnya turizm ve seyahat sekt\u00f6r\u00fcn\u00fcn en \u00f6nemli fuarlar\u0131ndan biri olan ITB Berlin 2025 Fuar\u0131\u2019nday\u0131z. CHP Ayd\u0131n Milletvekilimiz B\u00fclent Tezcan ile birlikte farkl\u0131 \u00fclkelerin sekt\u00f6r temsilcileriyle g\u00f6r\u00fc\u015fmeler ger\u00e7ekle\u015ftirerek Ku\u015fadas\u0131\u2019n\u0131n yurt d\u0131\u015f\u0131ndaki konumunu daha da g\u00fc\u00e7lendirmeye y\u00f6nelik de\u011ferlendirmeler ve \u00e7al\u0131\u015fmalar yapt\u0131k. Turizmin ge\u00e7ti\u011fimiz y\u0131l oldu\u011fu gibi bu y\u0131l da esnaf\u0131m\u0131z\u0131n ve i\u015fletmecilerimizin y\u00fcz\u00fcn\u00fc g\u00fcld\u00fcrece\u011fini d\u00fc\u015f\u00fcn\u00fcyoruz. Turist say\u0131lar\u0131nda yeni rekorlar k\u0131r\u0131lmas\u0131n\u0131 temenni ediyor, \u015fimdiden g\u00fczel bir sezon diliyorum&#8221; diye konu\u015ftu.<br \/><\/p>\n","protected":false},"excerpt":{"rendered":"<p>Ku\u015fadas\u0131 Belediyesi, kenti tan\u0131tma \u00e7al\u0131\u015fmalar\u0131 kapsam\u0131nda, Almanya\u2019da d\u00fczenlenen \u2018ITB Berlin Turizm Fuar\u0131\u2019na\u2019 kat\u0131ld\u0131. D\u00fcnya turizm pazar\u0131n\u0131n en \u00f6nemli destinasyonlar\u0131 ve firmalar\u0131n\u0131n yer ald\u0131\u011f\u0131 fuar\u0131 ziyaret ederek acente temsilcileriyle bir araya gelen Ba\u015fkan \u00d6mer G\u00fcnel, &#8220;Ku\u015fadas\u0131\u2019n\u0131n yurt d\u0131\u015f\u0131ndaki konumunu daha da g\u00fc\u00e7lendirmek i\u00e7in var g\u00fcc\u00fcm\u00fczle \u00e7al\u0131\u015f\u0131yoruz&#8221; dedi. Almanya\u2019n\u0131n ba\u015fkenti Berlin\u2019de kap\u0131lar\u0131n\u0131 a\u00e7an \u2018ITB Berlin Turizm Fuar\u0131\u2019nda&#8230;<\/p>\n","protected":false},"author":1,"featured_media":24162,"comment_status":"open","ping_status":"open","sticky":false,"template":"","format":"standard","meta":{"_crdt_document":"","footnotes":""},"categories":[125],"tags":[],"class_list":["post-24161","post","type-post","status-publish","format-standard","has-post-thumbnail","hentry","category-ekonomi"],"_links":{"self":[{"href":"https:\/\/www.egemtv.com\/index.php?rest_route=\/wp\/v2\/posts\/24161","targetHints":{"allow":["GET"]}}],"collection":[{"href":"https:\/\/www.egemtv.com\/index.php?rest_route=\/wp\/v2\/posts"}],"about":[{"href":"https:\/\/www.egemtv.com\/index.php?rest_route=\/wp\/v2\/types\/post"}],"author":[{"embeddable":true,"href":"https:\/\/www.egemtv.com\/index.php?rest_route=\/wp\/v2\/users\/1"}],"replies":[{"embeddable":true,"href":"https:\/\/www.egemtv.com\/index.php?rest_route=%2Fwp%2Fv2%2Fcomments&post=24161"}],"version-history":[{"count":1,"href":"https:\/\/www.egemtv.com\/index.php?rest_route=\/wp\/v2\/posts\/24161\/revisions"}],"predecessor-version":[{"id":24163,"href":"https:\/\/www.egemtv.com\/index.php?rest_route=\/wp\/v2\/posts\/24161\/revisions\/24163"}],"wp:featuredmedia":[{"embeddable":true,"href":"https:\/\/www.egemtv.com\/index.php?rest_route=\/wp\/v2\/media\/24162"}],"wp:attachment":[{"href":"https:\/\/www.egemtv.com\/index.php?rest_route=%2Fwp%2Fv2%2Fmedia&parent=24161"}],"wp:term":[{"taxonomy":"category","embeddable":true,"href":"https:\/\/www.egemtv.com\/index.php?rest_route=%2Fwp%2Fv2%2Fcategories&post=24161"},{"taxonomy":"post_tag","embeddable":true,"href":"https:\/\/www.egemtv.com\/index.php?rest_route=%2Fwp%2Fv2%2Ftags&post=24161"}],"curies":[{"name":"wp","href":"https:\/\/api.w.org\/{rel}","templated":true}]}}