{"id":24158,"date":"2025-03-05T19:07:35","date_gmt":"2025-03-05T16:07:35","guid":{"rendered":"https:\/\/www.egemtv.com\/?p=24158"},"modified":"2025-03-05T19:07:40","modified_gmt":"2025-03-05T16:07:40","slug":"catida-kizil-geyigi-gorenler-neye-ugradigini-sasirdi","status":"publish","type":"post","link":"https:\/\/www.egemtv.com\/?p=24158","title":{"rendered":"\u00c7at\u0131da k\u0131z\u0131l geyi\u011fi g\u00f6renler neye u\u011frad\u0131\u011f\u0131n\u0131 \u015fa\u015f\u0131rd\u0131"},"content":{"rendered":"<p>Afyonkarahisar\u2019da sokak k\u00f6peklerinden korkarak \u00e7at\u0131ya \u00e7\u0131kan k\u0131z\u0131l geyik yakla\u015f\u0131k 4 metre y\u00fckseklikten a\u015fa\u011f\u0131 d\u00fc\u015ferek telef oldu.<br \/>\n<br \/>Olay, Sultanda\u011f\u0131 il\u00e7esine ba\u011fl\u0131 Ye\u015fil\u00e7iftlik beldesinde meydana geldi. B\u00f6lgenin ekolojik dengesini sa\u011flamak amac\u0131yla do\u011faya b\u0131rak\u0131lan bir k\u0131z\u0131l geyik yiyecek aramak i\u00e7in da\u011fdan yerle\u015fim birimine yak\u0131n bir yere indi. \u0130ddiaya g\u00f6re, sokak k\u00f6peklerinin kovalamaya ba\u015flad\u0131\u011f\u0131 k\u0131z\u0131l geyik tek katl\u0131 bir evin \u00e7at\u0131s\u0131na \u00e7\u0131kt\u0131. \u00c7at\u0131da geyi\u011fi g\u00f6ren vatanda\u015flar b\u00fcy\u00fck \u015fa\u015fk\u0131nl\u0131k ya\u015farken, geyik kalabal\u0131\u011f\u0131n bak\u0131\u015flar\u0131 alt\u0131nda bir anda \u00e7at\u0131dan a\u015fa\u011f\u0131 d\u00fc\u015ft\u00fc.<br \/>\n<br \/>\u00c7evredekilerin ihbar\u0131 \u00fczerine olay yerine gelen Do\u011fa Koruma ve Milli Parklara ba\u011fl\u0131 ekipler, hayvan\u0131n telef oldu\u011funu belirledi. Telef olan k\u0131z\u0131l geyik ard\u0131ndan ekipler taraf\u0131ndan olay yerinden kald\u0131r\u0131ld\u0131.<br \/><\/p>\n","protected":false},"excerpt":{"rendered":"<p>Afyonkarahisar\u2019da sokak k\u00f6peklerinden korkarak \u00e7at\u0131ya \u00e7\u0131kan k\u0131z\u0131l geyik yakla\u015f\u0131k 4 metre y\u00fckseklikten a\u015fa\u011f\u0131 d\u00fc\u015ferek telef oldu. Olay, Sultanda\u011f\u0131 il\u00e7esine ba\u011fl\u0131 Ye\u015fil\u00e7iftlik beldesinde meydana geldi. B\u00f6lgenin ekolojik dengesini sa\u011flamak amac\u0131yla do\u011faya b\u0131rak\u0131lan bir k\u0131z\u0131l geyik yiyecek aramak i\u00e7in da\u011fdan yerle\u015fim birimine yak\u0131n bir yere indi. \u0130ddiaya g\u00f6re, sokak k\u00f6peklerinin kovalamaya ba\u015flad\u0131\u011f\u0131 k\u0131z\u0131l geyik tek katl\u0131 bir&#8230;<\/p>\n","protected":false},"author":1,"featured_media":24159,"comment_status":"open","ping_status":"open","sticky":false,"template":"","format":"standard","meta":{"_crdt_document":"","footnotes":""},"categories":[1],"tags":[],"class_list":["post-24158","post","type-post","status-publish","format-standard","has-post-thumbnail","hentry","category-guncel"],"_links":{"self":[{"href":"https:\/\/www.egemtv.com\/index.php?rest_route=\/wp\/v2\/posts\/24158","targetHints":{"allow":["GET"]}}],"collection":[{"href":"https:\/\/www.egemtv.com\/index.php?rest_route=\/wp\/v2\/posts"}],"about":[{"href":"https:\/\/www.egemtv.com\/index.php?rest_route=\/wp\/v2\/types\/post"}],"author":[{"embeddable":true,"href":"https:\/\/www.egemtv.com\/index.php?rest_route=\/wp\/v2\/users\/1"}],"replies":[{"embeddable":true,"href":"https:\/\/www.egemtv.com\/index.php?rest_route=%2Fwp%2Fv2%2Fcomments&post=24158"}],"version-history":[{"count":1,"href":"https:\/\/www.egemtv.com\/index.php?rest_route=\/wp\/v2\/posts\/24158\/revisions"}],"predecessor-version":[{"id":24160,"href":"https:\/\/www.egemtv.com\/index.php?rest_route=\/wp\/v2\/posts\/24158\/revisions\/24160"}],"wp:featuredmedia":[{"embeddable":true,"href":"https:\/\/www.egemtv.com\/index.php?rest_route=\/wp\/v2\/media\/24159"}],"wp:attachment":[{"href":"https:\/\/www.egemtv.com\/index.php?rest_route=%2Fwp%2Fv2%2Fmedia&parent=24158"}],"wp:term":[{"taxonomy":"category","embeddable":true,"href":"https:\/\/www.egemtv.com\/index.php?rest_route=%2Fwp%2Fv2%2Fcategories&post=24158"},{"taxonomy":"post_tag","embeddable":true,"href":"https:\/\/www.egemtv.com\/index.php?rest_route=%2Fwp%2Fv2%2Ftags&post=24158"}],"curies":[{"name":"wp","href":"https:\/\/api.w.org\/{rel}","templated":true}]}}