{"id":24155,"date":"2025-03-05T19:07:31","date_gmt":"2025-03-05T16:07:31","guid":{"rendered":"https:\/\/www.egemtv.com\/?p=24155"},"modified":"2025-03-05T19:07:35","modified_gmt":"2025-03-05T16:07:35","slug":"vali-aktas-usakspor-oyuncularini-ve-teknik-ekibini-agirladi","status":"publish","type":"post","link":"https:\/\/www.egemtv.com\/?p=24155","title":{"rendered":"Vali Akta\u015f, U\u015fakspor oyuncular\u0131n\u0131 ve teknik ekibini a\u011f\u0131rlad\u0131"},"content":{"rendered":"<p>U\u015fak Valisi Naci Akta\u015f, U\u015fakspor Ba\u015fkan\u0131 Do\u011fukan Kurnaz\u2019\u0131, teknik ekibini ve oyuncular\u0131 makam\u0131nda a\u011f\u0131rlad\u0131.<br \/>\n<br \/>U\u015fak Valisi Naci Akta\u015f, TFF 3. Lig 2. Grup\u2019ta m\u00fccadele veren U\u015fakspor Ba\u015fkan\u0131 Do\u011fukan Kurnaz\u2019\u0131, teknik ekibini ve oyuncular\u0131 makam\u0131nda a\u011f\u0131rlad\u0131. Vali Akta\u015f, U\u015fakspor heyetine nazik ziyaretlerinden dolay\u0131 te\u015fekk\u00fcrleri iletirken, futbol hayatlar\u0131 boyunca ba\u015far\u0131lar\u0131n\u0131n devam\u0131n\u0131 diledi.<br \/>\n<br \/>\u00d6te yandan, U\u015fakspor heyeti Vali Akta\u015f\u2019a kentin plakas\u0131 olan 64 numaral\u0131 U\u015fakspor formas\u0131 hediye etti.<br \/><\/p>\n","protected":false},"excerpt":{"rendered":"<p>U\u015fak Valisi Naci Akta\u015f, U\u015fakspor Ba\u015fkan\u0131 Do\u011fukan Kurnaz\u2019\u0131, teknik ekibini ve oyuncular\u0131 makam\u0131nda a\u011f\u0131rlad\u0131. U\u015fak Valisi Naci Akta\u015f, TFF 3. Lig 2. Grup\u2019ta m\u00fccadele veren U\u015fakspor Ba\u015fkan\u0131 Do\u011fukan Kurnaz\u2019\u0131, teknik ekibini ve oyuncular\u0131 makam\u0131nda a\u011f\u0131rlad\u0131. Vali Akta\u015f, U\u015fakspor heyetine nazik ziyaretlerinden dolay\u0131 te\u015fekk\u00fcrleri iletirken, futbol hayatlar\u0131 boyunca ba\u015far\u0131lar\u0131n\u0131n devam\u0131n\u0131 diledi. \u00d6te yandan, U\u015fakspor heyeti Vali&#8230;<\/p>\n","protected":false},"author":1,"featured_media":24156,"comment_status":"open","ping_status":"open","sticky":false,"template":"","format":"standard","meta":{"_crdt_document":"","footnotes":""},"categories":[4],"tags":[],"class_list":["post-24155","post","type-post","status-publish","format-standard","has-post-thumbnail","hentry","category-spor"],"_links":{"self":[{"href":"https:\/\/www.egemtv.com\/index.php?rest_route=\/wp\/v2\/posts\/24155","targetHints":{"allow":["GET"]}}],"collection":[{"href":"https:\/\/www.egemtv.com\/index.php?rest_route=\/wp\/v2\/posts"}],"about":[{"href":"https:\/\/www.egemtv.com\/index.php?rest_route=\/wp\/v2\/types\/post"}],"author":[{"embeddable":true,"href":"https:\/\/www.egemtv.com\/index.php?rest_route=\/wp\/v2\/users\/1"}],"replies":[{"embeddable":true,"href":"https:\/\/www.egemtv.com\/index.php?rest_route=%2Fwp%2Fv2%2Fcomments&post=24155"}],"version-history":[{"count":1,"href":"https:\/\/www.egemtv.com\/index.php?rest_route=\/wp\/v2\/posts\/24155\/revisions"}],"predecessor-version":[{"id":24157,"href":"https:\/\/www.egemtv.com\/index.php?rest_route=\/wp\/v2\/posts\/24155\/revisions\/24157"}],"wp:featuredmedia":[{"embeddable":true,"href":"https:\/\/www.egemtv.com\/index.php?rest_route=\/wp\/v2\/media\/24156"}],"wp:attachment":[{"href":"https:\/\/www.egemtv.com\/index.php?rest_route=%2Fwp%2Fv2%2Fmedia&parent=24155"}],"wp:term":[{"taxonomy":"category","embeddable":true,"href":"https:\/\/www.egemtv.com\/index.php?rest_route=%2Fwp%2Fv2%2Fcategories&post=24155"},{"taxonomy":"post_tag","embeddable":true,"href":"https:\/\/www.egemtv.com\/index.php?rest_route=%2Fwp%2Fv2%2Ftags&post=24155"}],"curies":[{"name":"wp","href":"https:\/\/api.w.org\/{rel}","templated":true}]}}