{"id":24152,"date":"2025-03-05T19:07:27","date_gmt":"2025-03-05T16:07:27","guid":{"rendered":"https:\/\/www.egemtv.com\/?p=24152"},"modified":"2025-03-05T19:07:31","modified_gmt":"2025-03-05T16:07:31","slug":"vali-aktas-ogrencilerle-bir-araya-geldi","status":"publish","type":"post","link":"https:\/\/www.egemtv.com\/?p=24152","title":{"rendered":"Vali Akta\u015f, \u00f6\u011frencilerle bir araya geldi"},"content":{"rendered":"<p>U\u015fak Valisi Naci Akta\u015f, Malko\u00e7o\u011flu \u0130lkokulu, Ortaokulu ve \u00d6zel E\u011fitim Anaokulun\u2019u ziyaret ederek \u00f6\u011frencilerle ve \u00f6\u011fretmenler bir araya geldi.<br \/>\n<br \/>U\u015fak Malko\u00e7o\u011flu \u0130lkokulu ve Ortaokulu\u2019nda s\u0131n\u0131flar\u0131 gezerek \u00f6\u011frencilerle sohbet eden Vali Akta\u015f, ard\u0131ndan okulda g\u00f6revli y\u00f6netici ve \u00f6\u011fretmenlerle bir araya geldi. \u00d6\u011fretmenlerle sohbetinde okuldaki faaliyetler hakk\u0131nda bilgi alan Vali Akta\u015f, e\u011fitim hayatlar\u0131nda sa\u011fl\u0131k ve ba\u015far\u0131 diledi.<br \/>\n<br \/>Ard\u0131ndan Malko\u00e7o\u011flu \u00d6zel E\u011fitim Anaokulu\u2019nda ziyaret eden Vali Akta\u015f, t\u00fcm \u00f6\u011fretmenlere ve t\u00fcm e\u011fitim kadrosuna te\u015fekk\u00fcrleri iletti.<br \/>\n<br \/>\u00d6te yandan, U\u015fak Valili\u011fin sosyal medya hesab\u0131ndan yap\u0131lan payla\u015f\u0131mda; &#8220;\u00d6zel b\u00f6l\u00fcmlerin gelece\u011fine de\u011fer katan fedakar \u00f6\u011fretmenlerimizin \u00f6zverili \u00e7al\u0131\u015fmalar\u0131, her t\u00fcrl\u00fc takdiri hak etti\u011fini ve hep birlikte daha g\u00fczel bir gelecek in\u015fa edelim.&#8221; ifadelerine yer verildi.<br \/><\/p>\n","protected":false},"excerpt":{"rendered":"<p>U\u015fak Valisi Naci Akta\u015f, Malko\u00e7o\u011flu \u0130lkokulu, Ortaokulu ve \u00d6zel E\u011fitim Anaokulun\u2019u ziyaret ederek \u00f6\u011frencilerle ve \u00f6\u011fretmenler bir araya geldi. U\u015fak Malko\u00e7o\u011flu \u0130lkokulu ve Ortaokulu\u2019nda s\u0131n\u0131flar\u0131 gezerek \u00f6\u011frencilerle sohbet eden Vali Akta\u015f, ard\u0131ndan okulda g\u00f6revli y\u00f6netici ve \u00f6\u011fretmenlerle bir araya geldi. \u00d6\u011fretmenlerle sohbetinde okuldaki faaliyetler hakk\u0131nda bilgi alan Vali Akta\u015f, e\u011fitim hayatlar\u0131nda sa\u011fl\u0131k ve ba\u015far\u0131 diledi&#8230;.<\/p>\n","protected":false},"author":1,"featured_media":24153,"comment_status":"open","ping_status":"open","sticky":false,"template":"","format":"standard","meta":{"_crdt_document":"","footnotes":""},"categories":[1],"tags":[],"class_list":["post-24152","post","type-post","status-publish","format-standard","has-post-thumbnail","hentry","category-guncel"],"_links":{"self":[{"href":"https:\/\/www.egemtv.com\/index.php?rest_route=\/wp\/v2\/posts\/24152","targetHints":{"allow":["GET"]}}],"collection":[{"href":"https:\/\/www.egemtv.com\/index.php?rest_route=\/wp\/v2\/posts"}],"about":[{"href":"https:\/\/www.egemtv.com\/index.php?rest_route=\/wp\/v2\/types\/post"}],"author":[{"embeddable":true,"href":"https:\/\/www.egemtv.com\/index.php?rest_route=\/wp\/v2\/users\/1"}],"replies":[{"embeddable":true,"href":"https:\/\/www.egemtv.com\/index.php?rest_route=%2Fwp%2Fv2%2Fcomments&post=24152"}],"version-history":[{"count":1,"href":"https:\/\/www.egemtv.com\/index.php?rest_route=\/wp\/v2\/posts\/24152\/revisions"}],"predecessor-version":[{"id":24154,"href":"https:\/\/www.egemtv.com\/index.php?rest_route=\/wp\/v2\/posts\/24152\/revisions\/24154"}],"wp:featuredmedia":[{"embeddable":true,"href":"https:\/\/www.egemtv.com\/index.php?rest_route=\/wp\/v2\/media\/24153"}],"wp:attachment":[{"href":"https:\/\/www.egemtv.com\/index.php?rest_route=%2Fwp%2Fv2%2Fmedia&parent=24152"}],"wp:term":[{"taxonomy":"category","embeddable":true,"href":"https:\/\/www.egemtv.com\/index.php?rest_route=%2Fwp%2Fv2%2Fcategories&post=24152"},{"taxonomy":"post_tag","embeddable":true,"href":"https:\/\/www.egemtv.com\/index.php?rest_route=%2Fwp%2Fv2%2Ftags&post=24152"}],"curies":[{"name":"wp","href":"https:\/\/api.w.org\/{rel}","templated":true}]}}