{"id":24149,"date":"2025-03-05T19:07:22","date_gmt":"2025-03-05T16:07:22","guid":{"rendered":"https:\/\/www.egemtv.com\/?p=24149"},"modified":"2025-03-05T19:07:26","modified_gmt":"2025-03-05T16:07:26","slug":"usakta-canli-hayvan-pazari-ikinci-bir-duyuruya-kadar-kapandi","status":"publish","type":"post","link":"https:\/\/www.egemtv.com\/?p=24149","title":{"rendered":"U\u015fak\u2019ta Canl\u0131 Hayvan Pazar\u0131 ikinci bir duyuruya kadar kapand\u0131"},"content":{"rendered":"<p>U\u015fak\u2019ta \u00e7evre illerde g\u00f6r\u00fclen bula\u015f\u0131c\u0131 hastal\u0131k nedeniyle Canl\u0131 Hayvan Pazar\u0131 ikinci bir duyuruya kadar kapand\u0131.<br \/>\n<br \/>U\u015fak Belediyesi\u2019nin sosyal medya hesab\u0131ndan yapm\u0131\u015f oldu\u011fu duyuruda \u00e7evre illerde g\u00f6r\u00fclen bula\u015f\u0131c\u0131 hastal\u0131k nedeniyle Canl\u0131 Hayvan Pazar\u0131, U\u015fak \u0130li Hayvan Sa\u011fl\u0131\u011f\u0131 ve Zab\u0131tas\u0131 Komisyonu karar\u0131yla ikinci bir duyuruya kadar kapand\u0131\u011f\u0131n\u0131 duyurdu.<br \/>\n<br \/>U\u015fak Belediyesi\u2019nin sosyal medya hesab\u0131ndan yap\u0131lan payla\u015f\u0131mda ise; &#8220;\u00c7evre illerde yo\u011fun bir \u015fekilde g\u00f6r\u00fclen bula\u015f\u0131c\u0131 hastal\u0131klar nedeniyle, ilimizde bulunan b\u00fcy\u00fckba\u015f ve k\u00fc\u00e7\u00fckba\u015f hayvanlar\u0131n da bu hastal\u0131ktan etkilenmemesi ad\u0131na, belediyemize ba\u011fl\u0131 Canl\u0131 Hayvan Pazar\u0131, U\u015fak \u0130li Hayvan Sa\u011fl\u0131\u011f\u0131 ve Zab\u0131tas\u0131 Komisyonu karar\u0131yla ikinci bir duyuruya kadar kapat\u0131lm\u0131\u015ft\u0131r.&#8221; ifadelerine yer verildi.<br \/><\/p>\n","protected":false},"excerpt":{"rendered":"<p>U\u015fak\u2019ta \u00e7evre illerde g\u00f6r\u00fclen bula\u015f\u0131c\u0131 hastal\u0131k nedeniyle Canl\u0131 Hayvan Pazar\u0131 ikinci bir duyuruya kadar kapand\u0131. U\u015fak Belediyesi\u2019nin sosyal medya hesab\u0131ndan yapm\u0131\u015f oldu\u011fu duyuruda \u00e7evre illerde g\u00f6r\u00fclen bula\u015f\u0131c\u0131 hastal\u0131k nedeniyle Canl\u0131 Hayvan Pazar\u0131, U\u015fak \u0130li Hayvan Sa\u011fl\u0131\u011f\u0131 ve Zab\u0131tas\u0131 Komisyonu karar\u0131yla ikinci bir duyuruya kadar kapand\u0131\u011f\u0131n\u0131 duyurdu. U\u015fak Belediyesi\u2019nin sosyal medya hesab\u0131ndan yap\u0131lan payla\u015f\u0131mda ise; &#8220;\u00c7evre&#8230;<\/p>\n","protected":false},"author":1,"featured_media":24150,"comment_status":"open","ping_status":"open","sticky":false,"template":"","format":"standard","meta":{"_crdt_document":"","footnotes":""},"categories":[1],"tags":[],"class_list":["post-24149","post","type-post","status-publish","format-standard","has-post-thumbnail","hentry","category-guncel"],"_links":{"self":[{"href":"https:\/\/www.egemtv.com\/index.php?rest_route=\/wp\/v2\/posts\/24149","targetHints":{"allow":["GET"]}}],"collection":[{"href":"https:\/\/www.egemtv.com\/index.php?rest_route=\/wp\/v2\/posts"}],"about":[{"href":"https:\/\/www.egemtv.com\/index.php?rest_route=\/wp\/v2\/types\/post"}],"author":[{"embeddable":true,"href":"https:\/\/www.egemtv.com\/index.php?rest_route=\/wp\/v2\/users\/1"}],"replies":[{"embeddable":true,"href":"https:\/\/www.egemtv.com\/index.php?rest_route=%2Fwp%2Fv2%2Fcomments&post=24149"}],"version-history":[{"count":1,"href":"https:\/\/www.egemtv.com\/index.php?rest_route=\/wp\/v2\/posts\/24149\/revisions"}],"predecessor-version":[{"id":24151,"href":"https:\/\/www.egemtv.com\/index.php?rest_route=\/wp\/v2\/posts\/24149\/revisions\/24151"}],"wp:featuredmedia":[{"embeddable":true,"href":"https:\/\/www.egemtv.com\/index.php?rest_route=\/wp\/v2\/media\/24150"}],"wp:attachment":[{"href":"https:\/\/www.egemtv.com\/index.php?rest_route=%2Fwp%2Fv2%2Fmedia&parent=24149"}],"wp:term":[{"taxonomy":"category","embeddable":true,"href":"https:\/\/www.egemtv.com\/index.php?rest_route=%2Fwp%2Fv2%2Fcategories&post=24149"},{"taxonomy":"post_tag","embeddable":true,"href":"https:\/\/www.egemtv.com\/index.php?rest_route=%2Fwp%2Fv2%2Ftags&post=24149"}],"curies":[{"name":"wp","href":"https:\/\/api.w.org\/{rel}","templated":true}]}}